{"id":101870,"date":"2026-04-29T00:48:59","date_gmt":"2026-04-29T04:48:59","guid":{"rendered":"https:\/\/www.radioamigavallenar.cl\/?p=101870"},"modified":"2026-04-28T22:50:42","modified_gmt":"2026-04-29T02:50:42","slug":"con-el-objetivo-de-profesionalizar-el-arte-visual-favet-atacama-comenzara-sus-actividades-durante-mayo-del-2026","status":"publish","type":"post","link":"https:\/\/www.radioamigavallenar.cl\/?p=101870","title":{"rendered":"\u00a1Con el objetivo de profesionalizar el arte visual!    FAVET Atacama comenzar\u00e1 sus actividades durante mayo del 2026"},"content":{"rendered":"<p style=\"font-weight: 400;\">\n<p style=\"font-weight: 400;\"><strong>Estudio La Mancha Atacama impulsar\u00e1 este programa que durante 7 meses beneficiar\u00e1 a adultos mayores, comunidad general y artistas del territorio.\u00a0<\/strong><\/p>\n<p style=\"font-weight: 400;\"><strong>\u00a0<\/strong>Como respuesta a una necesidad de espacios de formaci\u00f3n acad\u00e9mica y reflexi\u00f3n en torno a las artes visuales, la Formaci\u00f3n de Artistas Visuales La Veta de Atacama (FAVET Atacama) impulsar\u00e1 un programa formativo con el objetivo de profesionalizar las artes visuales. Esta oportunidad contar\u00e1 con experiencia docente, trabajo directo con artistas de la regi\u00f3n, sumado a procesos de formaci\u00f3n art\u00edstica y curator\u00eda.<\/p>\n<p style=\"font-weight: 400;\">Es as\u00ed, como FAVET Atacama se proyecta como una instancia que busca acompa\u00f1ar y fortalecer el camino de quienes desean profesionalizar su pr\u00e1ctica art\u00edstica. Este programa se desarrollar\u00e1 principalmente en la comuna de Copiap\u00f3, con actividades presenciales en Galer\u00eda Caja Crisol y el Centro Cultural Ser Humano. Adem\u00e1s de m\u00f3dulos te\u00f3ricos en modalidad remota, que permitir\u00e1n la participaci\u00f3n de artistas de otras comunas de la regi\u00f3n. La instancia es financiada por la L\u00ednea de Actividades Formativas, Fondart Regional del Ministerio de las Culturas, las Artes y el Patrimonio.<\/p>\n<p style=\"font-weight: 400;\">Mabel Sepulveda, directora de FAVET destac\u00f3 que \u201ceste proyecto nace de varias experiencias y lugares. Por un lado, siempre ha estado el tema de que no hay academia y eso genera brechas tanto desde lo t\u00e9cnico como lo te\u00f3rico al momento de fortalecer un discurso que sustenta la creaci\u00f3n art\u00edstica, entonces desde la experiencia personal haciendo clases y estando en contacto con artistas de la comuna y regi\u00f3n surge la motivaci\u00f3n para aportar desde la propia formaci\u00f3n y experiencias en el camino de otras\/os\u00a0\u00a0artistas que deseen un acompa\u00f1amiento que les gu\u00ede en ciertos aspectos\u201d.<\/p>\n<p style=\"font-weight: 400;\">Adem\u00e1s, la directora del proyecto, enfatiz\u00f3 en la relevancia de esta instancia para quienes se dedican al arte visual y quienes quieren aprender de \u00e9l. \u201cEsperamos que este programa incentive a futuros artistas, que potencie espacios y que la escena de artes visuales logre mayor protagonismo y valor para las instituciones de todo tipo. Si bien las artes visuales no generan espect\u00e1culos masivos, s\u00ed generan transformaciones y huellas hist\u00f3ricas, y esos son testimonios silenciosos que son ineludibles para una sociedad y la memoria de un pa\u00eds\u201d, confes\u00f3.<\/p>\n<p style=\"font-weight: 400;\"><strong>Actividades\u00a0<\/strong><\/p>\n<p style=\"font-weight: 400;\">El proyecto tendr\u00e1 una extensi\u00f3n de siete meses,\u00a0existir\u00e1n clases magistrales de dibujo, tutor\u00edas, talleres, y seminarios te\u00f3ricos.\u00a0Uno de los hitos formativos ser\u00e1 la semana intensiva de dibujo estructural, liderada por Rodrigo Carmona Villalobos, licenciado y mag\u00edster en Artes Visuales de la Universidad de Chile, quien impartir\u00e1 clases magistrales y una jornada de JAM de dibujo orientada al fortalecimiento t\u00e9cnico, especialmente para artistas que trabajan con figura humana y representaci\u00f3n anat\u00f3mica.<\/p>\n<p style=\"font-weight: 400;\">Sumado a ello, FAVET incorpora una l\u00ednea inclusiva dirigida a personas mayores de 60 a\u00f1os, a trav\u00e9s de talleres de pintura al \u00f3leo que buscan entregar herramientas t\u00e9cnicas y generar espacios de encuentro, creaci\u00f3n y comunidad.<\/p>\n<p style=\"font-weight: 400;\">Existir\u00e1n fechas de inscripci\u00f3n a trav\u00e9s de formularios digitales en las redes sociales de La Mancha Atacama,\u00a0Galer\u00eda Caja Crisol y\u00a0\u00a0Centro Cultural Ser Humano.\u00a0Las actividades ser\u00e1n abiertas a personas mayores de 18 a\u00f1os que ya tengan un camino iniciado en artes visuales, as\u00ed como a aquellos que llevan una etapa incipiente. El mayor requisito para quienes participen de tutor\u00edas es que tengan un compromiso con su formaci\u00f3n y participaci\u00f3n, ya que ser\u00e1 un espacio para pensar y experimentar.<\/p>\n<p style=\"font-weight: 400;\"><strong>Uni\u00f3n de espacios<\/strong><\/p>\n<p style=\"font-weight: 400;\">Otro punto relevante de este proyecto es la colaboraci\u00f3n entre diversos espacios que han apostado a la relevancia de la formaci\u00f3n y reuni\u00f3n art\u00edstica. Por ello, Centro Cultural Ser Humano y Galer\u00eda Caja Crisol son fundamentales para el desarrollo de FAVET.<\/p>\n<p style=\"font-weight: 400;\">Sobre ello, Maribel Pinto, directora del Centro Cultural Ser Humano, consider\u00f3 que \u201creconocemos en esta iniciativa una respuesta concreta y pertinente a las brechas formativas existentes en el campo de las artes visuales en la Regi\u00f3n de Atacama. Valoramos especialmente su enfoque integral, que articula formaci\u00f3n t\u00e9cnica, reflexi\u00f3n te\u00f3rica y acompa\u00f1amiento a los procesos creativos, contribuyendo al desarrollo de trayectorias art\u00edsticas m\u00e1s sostenibles y conscientes. Asimismo, este proyecto dialoga profundamente con nuestro prop\u00f3sito institucional de fortalecer el ecosistema cultural regional, promoviendo el acceso, la profesionalizaci\u00f3n y la circulaci\u00f3n de pr\u00e1cticas art\u00edsticas situadas en el territorio.\u201d<\/p>\n<p style=\"font-weight: 400;\">Tambi\u00e9n, valor\u00f3 la articulaci\u00f3n que este proyecto considera \u201cesperamos que FAVET permita no solo potenciar el desarrollo de las y los artistas participantes, sino tambi\u00e9n generar v\u00ednculos sostenibles entre agentes culturales de la regi\u00f3n. Nos interesa que este tipo de iniciativas proyecten continuidad en el tiempo, aportando a la consolidaci\u00f3n de una escena art\u00edstica m\u00e1s robusta, colaborativa y conectada con las necesidades y particularidades del territorio. Asimismo, esperamos que FAVET contribuya a ampliar las posibilidades de circulaci\u00f3n, visibilizaci\u00f3n y reflexi\u00f3n en torno a las artes visuales en Atacama\u201d.<\/p>\n<p style=\"font-weight: 400;\">Por su parte, Eduardo Pe\u00f1a, director de Galer\u00eda Caja Crisol, detall\u00f3 que para su espacio el valor de este espacio es \u201cpoder estar presente en acciones que involucren las artes visuales y al momento de presentarnos este proyecto, no dudamos un segundo en apoyarlo ya que nos regala como espacio, la opci\u00f3n de realizar acciones de formaci\u00f3n y robustecer nuestra programaci\u00f3n, de forma gratuita tanto para nosotros como para la ciudadan\u00eda gracias a las capacidades de Mabel y Estudio La Mancha, puesto que los recursos nacen a trav\u00e9s de la concursabilidad contando con profesionales de primer nivel. Nos interesa mantener un trabajo colaborativo con Estudio La Mancha y los ecosistemas que se forman desde estas acciones, para seguir articulando actividades y ampliando los p\u00fablicos que puedan descubrir y habitar Caja Crisol\u201d.<\/p>\n<p style=\"font-weight: 400;\">\n<p style=\"font-weight: 400;\">Es as\u00ed, como FAVET espera consolidarse como una plataforma formativa que fortalezca la escena local, impulse nuevas redes de colaboraci\u00f3n y contribuya a posicionar las artes visuales de Atacama a nivel nacional, entendiendo que la creaci\u00f3n art\u00edstica no s\u00f3lo transforma a quienes la ejercen, sino tambi\u00e9n a las comunidades que la habitan.<\/p>\n<p style=\"font-weight: 400;\">Finalmente, la directora, Mabel Sepulveda recalc\u00f3 que \u201cen FAVET pensamos el arte como una disciplina profesional\u00a0\u00a0y no solo como un \u00e1rea recreativa. Nos interesa trabajar de forma consciente, cr\u00edtica, enfoc\u00e1ndonos m\u00e1s en el proceso y desarrollo personal de ideas y conceptos m\u00e1s que en un resultado complaciente o pensado para agradar a un mercado. El enfoque es totalmente hacia la creatividad como el\u00a0\u00a0resultado de experiencias y contenidos y decisiones que van conformando la identidad pens\u00e1ndose como seres en un contexto y tiempo determinado. La idea de FAVET, adem\u00e1s, es entregar autonom\u00eda a sus participantes, para que el d\u00eda de ma\u00f1ana estos puedan expandirse de forma independiente as\u00ed como colectiva, con seguridad y fundamento, poniendo en valor su ser artista y ciudadano\/a\u201d.<\/p>\n","protected":false},"excerpt":{"rendered":"<p>Estudio La Mancha Atacama impulsar\u00e1 este programa que durante 7 meses beneficiar\u00e1 a adultos mayores, comunidad general y artistas del territorio.\u00a0 \u00a0Como respuesta a una&hellip; <\/p>\n","protected":false},"author":5,"featured_media":101871,"comment_status":"closed","ping_status":"closed","sticky":false,"template":"","format":"standard","meta":{"footnotes":""},"categories":[7],"tags":[],"class_list":["post-101870","post","type-post","status-publish","format-standard","has-post-thumbnail","hentry","category-atacama"],"_links":{"self":[{"href":"https:\/\/www.radioamigavallenar.cl\/index.php?rest_route=\/wp\/v2\/posts\/101870","targetHints":{"allow":["GET"]}}],"collection":[{"href":"https:\/\/www.radioamigavallenar.cl\/index.php?rest_route=\/wp\/v2\/posts"}],"about":[{"href":"https:\/\/www.radioamigavallenar.cl\/index.php?rest_route=\/wp\/v2\/types\/post"}],"author":[{"embeddable":true,"href":"https:\/\/www.radioamigavallenar.cl\/index.php?rest_route=\/wp\/v2\/users\/5"}],"replies":[{"embeddable":true,"href":"https:\/\/www.radioamigavallenar.cl\/index.php?rest_route=%2Fwp%2Fv2%2Fcomments&post=101870"}],"version-history":[{"count":1,"href":"https:\/\/www.radioamigavallenar.cl\/index.php?rest_route=\/wp\/v2\/posts\/101870\/revisions"}],"predecessor-version":[{"id":101872,"href":"https:\/\/www.radioamigavallenar.cl\/index.php?rest_route=\/wp\/v2\/posts\/101870\/revisions\/101872"}],"wp:featuredmedia":[{"embeddable":true,"href":"https:\/\/www.radioamigavallenar.cl\/index.php?rest_route=\/wp\/v2\/media\/101871"}],"wp:attachment":[{"href":"https:\/\/www.radioamigavallenar.cl\/index.php?rest_route=%2Fwp%2Fv2%2Fmedia&parent=101870"}],"wp:term":[{"taxonomy":"category","embeddable":true,"href":"https:\/\/www.radioamigavallenar.cl\/index.php?rest_route=%2Fwp%2Fv2%2Fcategories&post=101870"},{"taxonomy":"post_tag","embeddable":true,"href":"https:\/\/www.radioamigavallenar.cl\/index.php?rest_route=%2Fwp%2Fv2%2Ftags&post=101870"}],"curies":[{"name":"wp","href":"https:\/\/api.w.org\/{rel}","templated":true}]}}