{"id":101866,"date":"2026-04-29T00:43:01","date_gmt":"2026-04-29T04:43:01","guid":{"rendered":"https:\/\/www.radioamigavallenar.cl\/?p=101866"},"modified":"2026-04-28T22:47:29","modified_gmt":"2026-04-29T02:47:29","slug":"extienden-plazo-del-fondo-concursable-nueva-atacama-2026-postulaciones-hasta-el-8-de-mayo","status":"publish","type":"post","link":"https:\/\/www.radioamigavallenar.cl\/?p=101866","title":{"rendered":"Extienden plazo del Fondo Concursable Nueva Atacama 2026: postulaciones hasta el 8 de mayo"},"content":{"rendered":"<p data-start=\"213\" data-end=\"354\">La iniciativa busca fortalecer el desarrollo comunitario en la regi\u00f3n, permitiendo a organizaciones mejorar y perfeccionar sus proyectos.<\/p>\n<p data-start=\"356\" data-end=\"558\">La empresa <span class=\"hover:entity-accent entity-underline inline cursor-pointer align-baseline\"><span class=\"whitespace-normal\">Nueva Atacama<\/span><\/span> anunci\u00f3 la extensi\u00f3n del plazo para postular a su Fondo Concursable de Desarrollo Comunitario 2026, fijando como nueva fecha l\u00edmite el pr\u00f3ximo 8 de mayo.<\/p>\n<p data-start=\"560\" data-end=\"804\">La medida busca entregar m\u00e1s tiempo a las organizaciones sociales para perfeccionar sus iniciativas y aumentar sus posibilidades de adjudicaci\u00f3n, en un proceso que se realiza completamente en l\u00ednea a trav\u00e9s del sitio web oficial de la compa\u00f1\u00eda.<\/p>\n<p data-start=\"806\" data-end=\"995\">Desde la entidad, el jefe de Comunicaciones y Comunidades, <span class=\"hover:entity-accent entity-underline inline cursor-pointer align-baseline\"><span class=\"whitespace-normal\">Rodrigo V\u00e1squez<\/span><\/span>, explic\u00f3 que la decisi\u00f3n responde al compromiso de fortalecer el tejido social en la regi\u00f3n.<\/p>\n<p data-start=\"997\" data-end=\"1216\"><strong data-start=\"997\" data-end=\"1216\">\u201cHemos decidido extender el plazo con el prop\u00f3sito de brindar a los dirigentes la oportunidad de fortalecer y perfeccionar sus proyectos, siempre con el acompa\u00f1amiento t\u00e9cnico de nuestro equipo comunitario\u201d, se\u00f1al\u00f3.<\/strong><\/p>\n<h3 data-section-id=\"1xnh9qf\" data-start=\"1218\" data-end=\"1251\"><span role=\"text\"><strong data-start=\"1222\" data-end=\"1251\">\u00bfQui\u00e9nes pueden postular?<\/strong><\/span><\/h3>\n<p data-start=\"1253\" data-end=\"1335\">La convocatoria est\u00e1 dirigida a diversas organizaciones comunitarias, entre ellas:<\/p>\n<ul data-start=\"1336\" data-end=\"1497\">\n<li data-section-id=\"1flwz0\" data-start=\"1336\" data-end=\"1357\">Uniones comunales<\/li>\n<li data-section-id=\"zoum8l\" data-start=\"1358\" data-end=\"1379\">Juntas de vecinos<\/li>\n<li data-section-id=\"s4srt4\" data-start=\"1380\" data-end=\"1406\">Clubes de adulto mayor<\/li>\n<li data-section-id=\"lq7ot9\" data-start=\"1407\" data-end=\"1428\">Clubes deportivos<\/li>\n<li data-section-id=\"1ox8gg0\" data-start=\"1429\" data-end=\"1458\">Organizaciones culturales<\/li>\n<li data-section-id=\"16tcuje\" data-start=\"1459\" data-end=\"1497\">Agrupaciones vinculadas a la salud<\/li>\n<\/ul>\n<p data-start=\"1499\" data-end=\"1658\">Entre los requisitos, las organizaciones deben contar con al menos seis meses de antig\u00fcedad y operar dentro del territorio donde la sanitaria presta servicios.<\/p>\n<h3 data-section-id=\"ape4b2\" data-start=\"1660\" data-end=\"1692\"><span role=\"text\"><strong data-start=\"1664\" data-end=\"1692\">L\u00edneas de financiamiento<\/strong><\/span><\/h3>\n<p data-start=\"1694\" data-end=\"1745\">El fondo contempla tres \u00e1reas principales de apoyo:<\/p>\n<ul data-start=\"1747\" data-end=\"2059\">\n<li data-section-id=\"13i9je2\" data-start=\"1747\" data-end=\"1838\"><strong data-start=\"1749\" data-end=\"1819\">Mejoramiento de espacios comunitarios e infraestructura sanitaria:<\/strong> hasta $1.000.000<\/li>\n<li data-section-id=\"1w4radj\" data-start=\"1839\" data-end=\"1930\"><strong data-start=\"1841\" data-end=\"1858\">Equipamiento:<\/strong> hasta $500.000 para mobiliario, l\u00ednea blanca o implementos deportivos<\/li>\n<li data-section-id=\"d6fo7g\" data-start=\"1931\" data-end=\"2059\"><strong data-start=\"1933\" data-end=\"1972\">Medio ambiente y recursos h\u00eddricos:<\/strong> hasta $1.000.000 para proyectos como reciclaje, huertos urbanos y eficiencia h\u00eddrica<\/li>\n<\/ul>\n<h3 data-section-id=\"jb93vr\" data-start=\"2061\" data-end=\"2091\"><span role=\"text\"><strong data-start=\"2065\" data-end=\"2091\">Proceso de postulaci\u00f3n<\/strong><\/span><\/h3>\n<p data-start=\"2093\" data-end=\"2346\">Las postulaciones se realizan de manera virtual en <a class=\"decorated-link\" href=\"http:\/\/www.nuevaatacama.cl\" target=\"_new\" rel=\"noopener\" data-start=\"2144\" data-end=\"2163\">www.nuevaatacama.cl<\/a>. Entre los requisitos t\u00e9cnicos se incluye la presentaci\u00f3n de documentos como el certificado de personalidad jur\u00eddica vigente y al menos dos cotizaciones por cada producto solicitado.<\/p>\n<p data-start=\"2348\" data-end=\"2522\">Adem\u00e1s, la empresa mantiene habilitado un canal de apoyo para resolver dudas y orientar a los postulantes a trav\u00e9s del correo electr\u00f3nico <a class=\"decorated-link cursor-pointer\" rel=\"noopener\" data-start=\"2486\" data-end=\"2521\">asuntoscorporativos@nuevaatacama.cl<\/a>.<\/p>\n","protected":false},"excerpt":{"rendered":"<p>La iniciativa busca fortalecer el desarrollo comunitario en la regi\u00f3n, permitiendo a organizaciones mejorar y perfeccionar sus proyectos. La empresa Nueva Atacama anunci\u00f3 la extensi\u00f3n&hellip; <\/p>\n","protected":false},"author":5,"featured_media":101867,"comment_status":"closed","ping_status":"closed","sticky":false,"template":"","format":"standard","meta":{"footnotes":""},"categories":[38],"tags":[],"class_list":["post-101866","post","type-post","status-publish","format-standard","has-post-thumbnail","hentry","category-portada-regional"],"_links":{"self":[{"href":"https:\/\/www.radioamigavallenar.cl\/index.php?rest_route=\/wp\/v2\/posts\/101866","targetHints":{"allow":["GET"]}}],"collection":[{"href":"https:\/\/www.radioamigavallenar.cl\/index.php?rest_route=\/wp\/v2\/posts"}],"about":[{"href":"https:\/\/www.radioamigavallenar.cl\/index.php?rest_route=\/wp\/v2\/types\/post"}],"author":[{"embeddable":true,"href":"https:\/\/www.radioamigavallenar.cl\/index.php?rest_route=\/wp\/v2\/users\/5"}],"replies":[{"embeddable":true,"href":"https:\/\/www.radioamigavallenar.cl\/index.php?rest_route=%2Fwp%2Fv2%2Fcomments&post=101866"}],"version-history":[{"count":2,"href":"https:\/\/www.radioamigavallenar.cl\/index.php?rest_route=\/wp\/v2\/posts\/101866\/revisions"}],"predecessor-version":[{"id":101869,"href":"https:\/\/www.radioamigavallenar.cl\/index.php?rest_route=\/wp\/v2\/posts\/101866\/revisions\/101869"}],"wp:featuredmedia":[{"embeddable":true,"href":"https:\/\/www.radioamigavallenar.cl\/index.php?rest_route=\/wp\/v2\/media\/101867"}],"wp:attachment":[{"href":"https:\/\/www.radioamigavallenar.cl\/index.php?rest_route=%2Fwp%2Fv2%2Fmedia&parent=101866"}],"wp:term":[{"taxonomy":"category","embeddable":true,"href":"https:\/\/www.radioamigavallenar.cl\/index.php?rest_route=%2Fwp%2Fv2%2Fcategories&post=101866"},{"taxonomy":"post_tag","embeddable":true,"href":"https:\/\/www.radioamigavallenar.cl\/index.php?rest_route=%2Fwp%2Fv2%2Ftags&post=101866"}],"curies":[{"name":"wp","href":"https:\/\/api.w.org\/{rel}","templated":true}]}}