{"id":101864,"date":"2026-04-29T00:54:55","date_gmt":"2026-04-29T04:54:55","guid":{"rendered":"https:\/\/www.radioamigavallenar.cl\/?p=101864"},"modified":"2026-04-28T22:42:24","modified_gmt":"2026-04-29T02:42:24","slug":"tierra-amarilla-fiscalia-descarto-presunto-delito-de-sustraccion-de-menor","status":"publish","type":"post","link":"https:\/\/www.radioamigavallenar.cl\/?p=101864","title":{"rendered":"Tierra Amarilla: Fiscal\u00eda descart\u00f3 presunto delito de sustracci\u00f3n de menor"},"content":{"rendered":"<p><span style=\"font-weight: 400;\">La jornada de este martes la Fiscal\u00eda Local de Copiap\u00f3 y detectives de la PDI desarrollaron un inmediato y amplio despliegue investigativo luego que se diera conocer el que aparentaba ser un intento de sustracci\u00f3n (secuestro) de un menor de edad que, seg\u00fan circul\u00f3, hab\u00eda afectado a un estudiante de la comuna de Tierra Amarilla.<\/span><\/p>\n<p><span style=\"font-weight: 400;\">Respecto de este hecho, el fiscal jefe de la capital regional, Christian Gonz\u00e1lez, indic\u00f3 que una vez que tom\u00f3 conocimiento de la denuncia orden\u00f3 inmediatas diligencias a personal de la PDI para desarrollar de manera urgente las acciones investigativas para esclarecer lo ocurrido.<\/span><\/p>\n<p><span style=\"font-weight: 400;\">\u201cA partir de este trabajo y luego de una serie de diligencias y declaraciones que realiz\u00f3 el personal policial, adem\u00e1s de la revisi\u00f3n de c\u00e1maras de seguridad de la comuna, se pudo establecer que la denuncia no era efectiva y que la versi\u00f3n de un intento de sustracci\u00f3n hab\u00eda sido inventada por la presunta v\u00edctima. Lo cual fue corroborado por la PDI junto con evidenciar el buen estado de salud del menor de edad\u201d, dijo el fiscal.<\/span><\/p>\n<p><span style=\"font-weight: 400;\">Junto con ello, se pudo obtener la declaraci\u00f3n de la madre del estudiante quien se\u00f1al\u00f3 que su hijo le reconoci\u00f3 que no era efectiva la versi\u00f3n respecto de haber sido afectado de un intento de secuestro.<\/span><\/p>\n","protected":false},"excerpt":{"rendered":"<p>La jornada de este martes la Fiscal\u00eda Local de Copiap\u00f3 y detectives de la PDI desarrollaron un inmediato y amplio despliegue investigativo luego que se&hellip; <\/p>\n","protected":false},"author":5,"featured_media":71978,"comment_status":"closed","ping_status":"closed","sticky":false,"template":"","format":"standard","meta":{"footnotes":""},"categories":[7],"tags":[],"class_list":["post-101864","post","type-post","status-publish","format-standard","has-post-thumbnail","hentry","category-atacama"],"_links":{"self":[{"href":"https:\/\/www.radioamigavallenar.cl\/index.php?rest_route=\/wp\/v2\/posts\/101864","targetHints":{"allow":["GET"]}}],"collection":[{"href":"https:\/\/www.radioamigavallenar.cl\/index.php?rest_route=\/wp\/v2\/posts"}],"about":[{"href":"https:\/\/www.radioamigavallenar.cl\/index.php?rest_route=\/wp\/v2\/types\/post"}],"author":[{"embeddable":true,"href":"https:\/\/www.radioamigavallenar.cl\/index.php?rest_route=\/wp\/v2\/users\/5"}],"replies":[{"embeddable":true,"href":"https:\/\/www.radioamigavallenar.cl\/index.php?rest_route=%2Fwp%2Fv2%2Fcomments&post=101864"}],"version-history":[{"count":1,"href":"https:\/\/www.radioamigavallenar.cl\/index.php?rest_route=\/wp\/v2\/posts\/101864\/revisions"}],"predecessor-version":[{"id":101865,"href":"https:\/\/www.radioamigavallenar.cl\/index.php?rest_route=\/wp\/v2\/posts\/101864\/revisions\/101865"}],"wp:featuredmedia":[{"embeddable":true,"href":"https:\/\/www.radioamigavallenar.cl\/index.php?rest_route=\/wp\/v2\/media\/71978"}],"wp:attachment":[{"href":"https:\/\/www.radioamigavallenar.cl\/index.php?rest_route=%2Fwp%2Fv2%2Fmedia&parent=101864"}],"wp:term":[{"taxonomy":"category","embeddable":true,"href":"https:\/\/www.radioamigavallenar.cl\/index.php?rest_route=%2Fwp%2Fv2%2Fcategories&post=101864"},{"taxonomy":"post_tag","embeddable":true,"href":"https:\/\/www.radioamigavallenar.cl\/index.php?rest_route=%2Fwp%2Fv2%2Ftags&post=101864"}],"curies":[{"name":"wp","href":"https:\/\/api.w.org\/{rel}","templated":true}]}}