{"id":101861,"date":"2026-04-28T11:02:04","date_gmt":"2026-04-28T15:02:04","guid":{"rendered":"https:\/\/www.radioamigavallenar.cl\/?p=101861"},"modified":"2026-04-28T11:02:04","modified_gmt":"2026-04-28T15:02:04","slug":"oficialismo-evalua-acusaciones-constitucionales-contra-exministros-grau-y-montes-a-semanas-de-vencer-el-plazo","status":"publish","type":"post","link":"https:\/\/www.radioamigavallenar.cl\/?p=101861","title":{"rendered":"Oficialismo eval\u00faa acusaciones constitucionales contra exministros Grau y Montes a semanas de vencer el plazo"},"content":{"rendered":"<p data-start=\"235\" data-end=\"406\">Desde el Congreso analizan eventuales responsabilidades pol\u00edticas en materias fiscales y habitacionales, en medio de informes y cuestionamientos a la gesti\u00f3n anterior.<\/p>\n<p data-start=\"408\" data-end=\"694\">A menos de un mes de que expire el plazo constitucional para exigir responsabilidades pol\u00edticas a exautoridades, sectores del oficialismo eval\u00faan presentar acusaciones constitucionales contra los exministros <span class=\"hover:entity-accent entity-underline inline cursor-pointer align-baseline\"><span class=\"whitespace-normal\">Nicol\u00e1s Grau<\/span><\/span> y <span class=\"hover:entity-accent entity-underline inline cursor-pointer align-baseline\"><span class=\"whitespace-normal\">Carlos Montes<\/span><\/span>.<\/p>\n<p data-start=\"696\" data-end=\"853\">La eventual ofensiva se da en un contexto de cr\u00edticas a la gesti\u00f3n anterior, particularmente en materia fiscal y en la ejecuci\u00f3n de pol\u00edticas habitacionales.<\/p>\n<h3 data-section-id=\"1e13hf7\" data-start=\"855\" data-end=\"899\"><span role=\"text\"><strong data-start=\"859\" data-end=\"899\">Cuestionamientos a la gesti\u00f3n fiscal<\/strong><\/span><\/h3>\n<p data-start=\"901\" data-end=\"1137\">El jefe de bancada del <span class=\"hover:entity-accent entity-underline inline cursor-pointer align-baseline\"><span class=\"whitespace-normal\">Partido Republicano de Chile<\/span><\/span>, <span class=\"hover:entity-accent entity-underline inline cursor-pointer align-baseline\"><span class=\"whitespace-normal\">Benjam\u00edn Moreno<\/span><\/span>, se\u00f1al\u00f3 que se encuentran evaluando una serie de antecedentes relacionados con la gesti\u00f3n de Grau, apuntando a posibles irregularidades.<\/p>\n<p data-start=\"1139\" data-end=\"1295\">Seg\u00fan indic\u00f3, existir\u00eda un patr\u00f3n de decisiones que podr\u00eda dar cuenta de eventuales responsabilidades pol\u00edticas, lo que est\u00e1 siendo analizado por el comit\u00e9.<\/p>\n<h3 data-section-id=\"1qsyx82\" data-start=\"1297\" data-end=\"1345\"><span role=\"text\"><strong data-start=\"1301\" data-end=\"1345\">Informe de Contralor\u00eda complica a Montes<\/strong><\/span><\/h3>\n<p data-start=\"1347\" data-end=\"1554\">En el caso de Carlos Montes, el escenario se complejiza tras un informe de la <span class=\"hover:entity-accent entity-underline inline cursor-pointer align-baseline\"><span class=\"whitespace-normal\">Contralor\u00eda General de la Rep\u00fablica de Chile<\/span><\/span> que cuestiona el Plan de Emergencia Habitacional, particularmente en la compra de terrenos.<\/p>\n<p data-start=\"1556\" data-end=\"1807\">El actual ministro de Vivienda, <span class=\"hover:entity-accent entity-underline inline cursor-pointer align-baseline\"><span class=\"whitespace-normal\">Iv\u00e1n Poduje<\/span><\/span>, sostuvo que existen antecedentes relevantes que deber\u00e1n ser evaluados por el Congreso, en un contexto marcado por el d\u00e9ficit habitacional que afecta a cientos de miles de familias.<\/p>\n<h3 data-section-id=\"yxfvxb\" data-start=\"1809\" data-end=\"1843\"><span role=\"text\"><strong data-start=\"1813\" data-end=\"1843\">Plazo clave en el Congreso<\/strong><\/span><\/h3>\n<p data-start=\"1845\" data-end=\"2091\">De acuerdo con la normativa vigente, las acusaciones constitucionales contra exministros deben presentarse dentro de los tres meses posteriores al t\u00e9rmino de sus funciones, lo que otorga un margen acotado para que el Congreso adopte definiciones.<\/p>\n<p data-start=\"2093\" data-end=\"2256\">Cabe recordar que, durante la discusi\u00f3n presupuestaria, ya se hab\u00edan levantado advertencias respecto a posibles acciones contra Grau, lo que hoy toma mayor fuerza.<\/p>\n<p data-start=\"2258\" data-end=\"2490\" data-is-last-node=\"\" data-is-only-node=\"\">\n","protected":false},"excerpt":{"rendered":"<p>Desde el Congreso analizan eventuales responsabilidades pol\u00edticas en materias fiscales y habitacionales, en medio de informes y cuestionamientos a la gesti\u00f3n anterior. A menos de&hellip; <\/p>\n","protected":false},"author":5,"featured_media":101862,"comment_status":"closed","ping_status":"closed","sticky":false,"template":"","format":"standard","meta":{"footnotes":""},"categories":[37],"tags":[],"class_list":["post-101861","post","type-post","status-publish","format-standard","has-post-thumbnail","hentry","category-nacional"],"_links":{"self":[{"href":"https:\/\/www.radioamigavallenar.cl\/index.php?rest_route=\/wp\/v2\/posts\/101861","targetHints":{"allow":["GET"]}}],"collection":[{"href":"https:\/\/www.radioamigavallenar.cl\/index.php?rest_route=\/wp\/v2\/posts"}],"about":[{"href":"https:\/\/www.radioamigavallenar.cl\/index.php?rest_route=\/wp\/v2\/types\/post"}],"author":[{"embeddable":true,"href":"https:\/\/www.radioamigavallenar.cl\/index.php?rest_route=\/wp\/v2\/users\/5"}],"replies":[{"embeddable":true,"href":"https:\/\/www.radioamigavallenar.cl\/index.php?rest_route=%2Fwp%2Fv2%2Fcomments&post=101861"}],"version-history":[{"count":1,"href":"https:\/\/www.radioamigavallenar.cl\/index.php?rest_route=\/wp\/v2\/posts\/101861\/revisions"}],"predecessor-version":[{"id":101863,"href":"https:\/\/www.radioamigavallenar.cl\/index.php?rest_route=\/wp\/v2\/posts\/101861\/revisions\/101863"}],"wp:featuredmedia":[{"embeddable":true,"href":"https:\/\/www.radioamigavallenar.cl\/index.php?rest_route=\/wp\/v2\/media\/101862"}],"wp:attachment":[{"href":"https:\/\/www.radioamigavallenar.cl\/index.php?rest_route=%2Fwp%2Fv2%2Fmedia&parent=101861"}],"wp:term":[{"taxonomy":"category","embeddable":true,"href":"https:\/\/www.radioamigavallenar.cl\/index.php?rest_route=%2Fwp%2Fv2%2Fcategories&post=101861"},{"taxonomy":"post_tag","embeddable":true,"href":"https:\/\/www.radioamigavallenar.cl\/index.php?rest_route=%2Fwp%2Fv2%2Ftags&post=101861"}],"curies":[{"name":"wp","href":"https:\/\/api.w.org\/{rel}","templated":true}]}}