{"id":101858,"date":"2026-04-28T10:55:47","date_gmt":"2026-04-28T14:55:47","guid":{"rendered":"https:\/\/www.radioamigavallenar.cl\/?p=101858"},"modified":"2026-04-28T10:55:47","modified_gmt":"2026-04-28T14:55:47","slug":"los-parisi-quedan-fuera-de-la-directiva-del-pdg-tras-derrota-en-elecciones-internas","status":"publish","type":"post","link":"https:\/\/www.radioamigavallenar.cl\/?p=101858","title":{"rendered":"Los Parisi quedan fuera de la directiva del PDG tras derrota en elecciones internas"},"content":{"rendered":"<h2 data-section-id=\"1hokhet\" data-start=\"113\" data-end=\"203\"><\/h2>\n<p data-start=\"205\" data-end=\"349\"><strong data-start=\"205\" data-end=\"349\">La lista encabezada por Patricio Quisbert se impuso en un proceso marcado por la baja participaci\u00f3n, abriendo una nueva etapa en el partido.<\/strong><\/p>\n<p data-start=\"351\" data-end=\"682\">El <span class=\"hover:entity-accent entity-underline inline cursor-pointer align-baseline\"><span class=\"whitespace-normal\">Partido de la Gente<\/span><\/span> (PDG) enfrenta un reordenamiento interno tras sus recientes elecciones, luego de que la lista liderada por <span class=\"hover:entity-accent entity-underline inline cursor-pointer align-baseline\"><span class=\"whitespace-normal\">Patricio Quisbert<\/span><\/span> se impusiera sobre la encabezada por el actual timonel <span class=\"hover:entity-accent entity-underline inline cursor-pointer align-baseline\"><span class=\"whitespace-normal\">Rodrigo Vattuone<\/span><\/span> y la diputada <span class=\"hover:entity-accent entity-underline inline cursor-pointer align-baseline\"><span class=\"whitespace-normal\">Zandra Parisi<\/span><\/span>.<\/p>\n<p data-start=\"684\" data-end=\"956\">El resultado dej\u00f3 fuera de la nueva directiva a ambos dirigentes, sum\u00e1ndose a la decisi\u00f3n de <span class=\"hover:entity-accent entity-underline inline cursor-pointer align-baseline\"><span class=\"whitespace-normal\">Franco Parisi<\/span><\/span> de no repostular a la vicepresidencia, lo que implica que \u2014al menos formalmente\u2014 el apellido Parisi queda fuera de la conducci\u00f3n del partido.<\/p>\n<h3 data-section-id=\"1jf8n11\" data-start=\"958\" data-end=\"1002\"><span role=\"text\"><strong data-start=\"962\" data-end=\"1002\">Baja participaci\u00f3n marca la elecci\u00f3n<\/strong><\/span><\/h3>\n<p data-start=\"1004\" data-end=\"1166\">El proceso estuvo marcado por una escasa participaci\u00f3n: poco m\u00e1s de mil militantes votaron de un padr\u00f3n superior a los 42 mil, lo que representa cerca de un 2,5%.<\/p>\n<p data-start=\"1168\" data-end=\"1360\">Debido a este escenario, los resultados quedaron en revisi\u00f3n del Tribunal Supremo del partido, instancia que deber\u00e1 ratificar el proceso antes de la proclamaci\u00f3n oficial de la nueva directiva.<\/p>\n<p data-start=\"1362\" data-end=\"1555\">Desde el sector derrotado, la diputada Zandra Parisi llam\u00f3 a esperar el pronunciamiento del organismo interno, subrayando la importancia de garantizar la transparencia y validez de la elecci\u00f3n.<\/p>\n<h3 data-section-id=\"443pis\" data-start=\"1557\" data-end=\"1595\"><span role=\"text\"><strong data-start=\"1561\" data-end=\"1595\">Desaf\u00edos de la nueva directiva<\/strong><\/span><\/h3>\n<p data-start=\"1597\" data-end=\"1854\">La nueva mesa directiva tambi\u00e9n estar\u00e1 integrada por los diputados <span class=\"hover:entity-accent entity-underline inline cursor-pointer align-baseline\"><span class=\"whitespace-normal\">Patricio Briones<\/span><\/span> y <span class=\"hover:entity-accent entity-underline inline cursor-pointer align-baseline\"><span class=\"whitespace-normal\">Fabi\u00e1n Ossand\u00f3n<\/span><\/span> como vicepresidentes, quienes deber\u00e1n enfrentar el desaf\u00edo de ordenar la interna y reconectar con la militancia.<\/p>\n<p data-start=\"1856\" data-end=\"2044\">Desde el nuevo liderazgo reconocieron que la baja participaci\u00f3n era un escenario esperado, pero enfatizaron que el foco estar\u00e1 en fortalecer la base del partido y proyectar su crecimiento.<\/p>\n<h3 data-section-id=\"18fg6gy\" data-start=\"2046\" data-end=\"2073\"><span role=\"text\"><strong data-start=\"2050\" data-end=\"2073\">Proyecci\u00f3n pol\u00edtica<\/strong><\/span><\/h3>\n<p data-start=\"2075\" data-end=\"2261\">En esa l\u00ednea, uno de los objetivos centrales ser\u00e1 posicionar nuevamente a Franco Parisi como carta presidencial en el pr\u00f3ximo ciclo electoral, en el marco del denominado \u201cProyecto 2030\u201d.<\/p>\n<p data-start=\"2263\" data-end=\"2431\">Se espera que en los pr\u00f3ximos d\u00edas se definan las configuraciones finales de la directiva, mientras que la proclamaci\u00f3n oficial podr\u00eda concretarse el pr\u00f3ximo 7 de mayo.<\/p>\n","protected":false},"excerpt":{"rendered":"<p>La lista encabezada por Patricio Quisbert se impuso en un proceso marcado por la baja participaci\u00f3n, abriendo una nueva etapa en el partido. El Partido&hellip; <\/p>\n","protected":false},"author":5,"featured_media":101859,"comment_status":"closed","ping_status":"closed","sticky":false,"template":"","format":"standard","meta":{"footnotes":""},"categories":[37],"tags":[],"class_list":["post-101858","post","type-post","status-publish","format-standard","has-post-thumbnail","hentry","category-nacional"],"_links":{"self":[{"href":"https:\/\/www.radioamigavallenar.cl\/index.php?rest_route=\/wp\/v2\/posts\/101858","targetHints":{"allow":["GET"]}}],"collection":[{"href":"https:\/\/www.radioamigavallenar.cl\/index.php?rest_route=\/wp\/v2\/posts"}],"about":[{"href":"https:\/\/www.radioamigavallenar.cl\/index.php?rest_route=\/wp\/v2\/types\/post"}],"author":[{"embeddable":true,"href":"https:\/\/www.radioamigavallenar.cl\/index.php?rest_route=\/wp\/v2\/users\/5"}],"replies":[{"embeddable":true,"href":"https:\/\/www.radioamigavallenar.cl\/index.php?rest_route=%2Fwp%2Fv2%2Fcomments&post=101858"}],"version-history":[{"count":1,"href":"https:\/\/www.radioamigavallenar.cl\/index.php?rest_route=\/wp\/v2\/posts\/101858\/revisions"}],"predecessor-version":[{"id":101860,"href":"https:\/\/www.radioamigavallenar.cl\/index.php?rest_route=\/wp\/v2\/posts\/101858\/revisions\/101860"}],"wp:featuredmedia":[{"embeddable":true,"href":"https:\/\/www.radioamigavallenar.cl\/index.php?rest_route=\/wp\/v2\/media\/101859"}],"wp:attachment":[{"href":"https:\/\/www.radioamigavallenar.cl\/index.php?rest_route=%2Fwp%2Fv2%2Fmedia&parent=101858"}],"wp:term":[{"taxonomy":"category","embeddable":true,"href":"https:\/\/www.radioamigavallenar.cl\/index.php?rest_route=%2Fwp%2Fv2%2Fcategories&post=101858"},{"taxonomy":"post_tag","embeddable":true,"href":"https:\/\/www.radioamigavallenar.cl\/index.php?rest_route=%2Fwp%2Fv2%2Ftags&post=101858"}],"curies":[{"name":"wp","href":"https:\/\/api.w.org\/{rel}","templated":true}]}}