{"id":101855,"date":"2026-04-28T10:42:51","date_gmt":"2026-04-28T14:42:51","guid":{"rendered":"https:\/\/www.radioamigavallenar.cl\/?p=101855"},"modified":"2026-04-28T10:42:51","modified_gmt":"2026-04-28T14:42:51","slug":"ministro-quiroz-defiende-uso-del-termino-descontinuar-en-polemico-oficio-sobre-ajuste-fiscal","status":"publish","type":"post","link":"https:\/\/www.radioamigavallenar.cl\/?p=101855","title":{"rendered":"Ministro Quiroz defiende uso del t\u00e9rmino \u201cdescontinuar\u201d en pol\u00e9mico oficio sobre ajuste fiscal"},"content":{"rendered":"<p data-start=\"228\" data-end=\"390\"><strong data-start=\"228\" data-end=\"390\">El titular de Hacienda asegur\u00f3 que se trata de un concepto t\u00e9cnico utilizado en comunicaciones internas y no implica el fin definitivo de programas estatales.<\/strong><\/p>\n<p data-start=\"392\" data-end=\"631\">El ministro de Hacienda, <span class=\"hover:entity-accent entity-underline inline cursor-pointer align-baseline\"><span class=\"whitespace-normal\">Jorge Quiroz<\/span><\/span>, abord\u00f3 la controversia generada por el Oficio 16, documento que plantea un ajuste fiscal que podr\u00eda alcanzar los $5,4 billones hacia 2027 e impactar a 142 programas estatales.<\/p>\n<p data-start=\"633\" data-end=\"855\">En ese contexto, la autoridad defendi\u00f3 el uso del t\u00e9rmino \u201cdescontinuar\u201d, cuestionado por diversos sectores, asegurando que se trata de un concepto t\u00e9cnico empleado en el marco de comunicaciones internas entre ministerios.<\/p>\n<h3 data-section-id=\"5lrrzk\" data-start=\"857\" data-end=\"895\"><span role=\"text\"><strong data-start=\"861\" data-end=\"895\">\u201cEs un instrumento de trabajo\u201d<\/strong><\/span><\/h3>\n<p data-start=\"897\" data-end=\"1062\">En conversaci\u00f3n con Radio Infinita, el secretario de Estado explic\u00f3 que el oficio corresponde a un intercambio t\u00e9cnico y no a un documento destinado a la ciudadan\u00eda.<\/p>\n<p data-start=\"1064\" data-end=\"1267\">\u201cEl documento ocupa palabras que a lo mejor no son las perfectas en t\u00e9rminos de comunicaci\u00f3n, porque no est\u00e1 dise\u00f1ado para ser comunicado al p\u00fablico general, sino como un instrumento de trabajo\u201d, se\u00f1al\u00f3.<\/p>\n<p data-start=\"1269\" data-end=\"1414\">Asimismo, aclar\u00f3 que el concepto no apunta a eliminar programas, sino a interrumpir su continuidad para evaluarlos y eventualmente reformularlos.<\/p>\n<h3 data-section-id=\"m91nrq\" data-start=\"1416\" data-end=\"1453\"><span role=\"text\"><strong data-start=\"1420\" data-end=\"1453\">Referencia a comisi\u00f3n asesora<\/strong><\/span><\/h3>\n<p data-start=\"1455\" data-end=\"1683\">Quiroz argument\u00f3 que el t\u00e9rmino utilizado proviene de la <span class=\"hover:entity-accent entity-underline inline cursor-pointer align-baseline\"><span class=\"whitespace-normal\">Comisi\u00f3n Asesora para Reformas Estructurales al Gasto P\u00fablico<\/span><\/span>, que en 2025 recomend\u00f3 \u201cdescontinuar\u201d ciertos programas cuando su dise\u00f1o no resulta efectivo para abordar determinadas problem\u00e1ticas.<\/p>\n<p data-start=\"1685\" data-end=\"1794\">\u201cEstamos usando la palabra precisa en el contexto preciso, tal como la emplea la comisi\u00f3n asesora\u201d, enfatiz\u00f3.<\/p>\n<h3 data-section-id=\"762oeg\" data-start=\"1796\" data-end=\"1824\"><span role=\"text\"><strong data-start=\"1800\" data-end=\"1824\">Matices desde Dipres<\/strong><\/span><\/h3>\n<p data-start=\"1826\" data-end=\"2139\">Sin embargo, desde la <span class=\"hover:entity-accent entity-underline inline cursor-pointer align-baseline\"><span class=\"whitespace-normal\">Direcci\u00f3n de Presupuestos<\/span><\/span> (Dipres) surgieron matices. El subdirector de Racionalizaci\u00f3n y Funci\u00f3n P\u00fablica, <span class=\"hover:entity-accent entity-underline inline cursor-pointer align-baseline\"><span class=\"whitespace-normal\">Jos\u00e9 Ignacio Llodr\u00e1<\/span><\/span>, indic\u00f3 que el concepto podr\u00eda interpretarse mejor como \u201creformular\u201d, reconociendo que la elecci\u00f3n de palabras pudo generar confusi\u00f3n.<\/p>\n<h3 data-section-id=\"ps8j4j\" data-start=\"2141\" data-end=\"2163\"><span role=\"text\"><strong data-start=\"2145\" data-end=\"2163\">Debate abierto<\/strong><\/span><\/h3>\n<p data-start=\"2165\" data-end=\"2353\">La pol\u00e9mica por el uso del t\u00e9rmino se da en medio de la discusi\u00f3n sobre el ajuste fiscal y el futuro de diversos programas estatales, instalando dudas sobre el alcance real de las medidas.<\/p>\n","protected":false},"excerpt":{"rendered":"<p>El titular de Hacienda asegur\u00f3 que se trata de un concepto t\u00e9cnico utilizado en comunicaciones internas y no implica el fin definitivo de programas estatales.&hellip; <\/p>\n","protected":false},"author":5,"featured_media":101856,"comment_status":"closed","ping_status":"closed","sticky":false,"template":"","format":"standard","meta":{"footnotes":""},"categories":[37],"tags":[],"class_list":["post-101855","post","type-post","status-publish","format-standard","has-post-thumbnail","hentry","category-nacional"],"_links":{"self":[{"href":"https:\/\/www.radioamigavallenar.cl\/index.php?rest_route=\/wp\/v2\/posts\/101855","targetHints":{"allow":["GET"]}}],"collection":[{"href":"https:\/\/www.radioamigavallenar.cl\/index.php?rest_route=\/wp\/v2\/posts"}],"about":[{"href":"https:\/\/www.radioamigavallenar.cl\/index.php?rest_route=\/wp\/v2\/types\/post"}],"author":[{"embeddable":true,"href":"https:\/\/www.radioamigavallenar.cl\/index.php?rest_route=\/wp\/v2\/users\/5"}],"replies":[{"embeddable":true,"href":"https:\/\/www.radioamigavallenar.cl\/index.php?rest_route=%2Fwp%2Fv2%2Fcomments&post=101855"}],"version-history":[{"count":1,"href":"https:\/\/www.radioamigavallenar.cl\/index.php?rest_route=\/wp\/v2\/posts\/101855\/revisions"}],"predecessor-version":[{"id":101857,"href":"https:\/\/www.radioamigavallenar.cl\/index.php?rest_route=\/wp\/v2\/posts\/101855\/revisions\/101857"}],"wp:featuredmedia":[{"embeddable":true,"href":"https:\/\/www.radioamigavallenar.cl\/index.php?rest_route=\/wp\/v2\/media\/101856"}],"wp:attachment":[{"href":"https:\/\/www.radioamigavallenar.cl\/index.php?rest_route=%2Fwp%2Fv2%2Fmedia&parent=101855"}],"wp:term":[{"taxonomy":"category","embeddable":true,"href":"https:\/\/www.radioamigavallenar.cl\/index.php?rest_route=%2Fwp%2Fv2%2Fcategories&post=101855"},{"taxonomy":"post_tag","embeddable":true,"href":"https:\/\/www.radioamigavallenar.cl\/index.php?rest_route=%2Fwp%2Fv2%2Ftags&post=101855"}],"curies":[{"name":"wp","href":"https:\/\/api.w.org\/{rel}","templated":true}]}}