{"id":101853,"date":"2026-04-28T10:22:17","date_gmt":"2026-04-28T14:22:17","guid":{"rendered":"https:\/\/www.radioamigavallenar.cl\/?p=101853"},"modified":"2026-04-28T10:22:17","modified_gmt":"2026-04-28T14:22:17","slug":"fiscalia-comunico-cargos-y-obtuvo-prision-preventiva-por-trafico-de-casi-500-kilos-de-marihuana","status":"publish","type":"post","link":"https:\/\/www.radioamigavallenar.cl\/?p=101853","title":{"rendered":"Fiscal\u00eda comunic\u00f3 cargos y obtuvo prisi\u00f3n preventiva por tr\u00e1fico de casi 500 kilos de marihuana"},"content":{"rendered":"<div class=\"container fullwidth-entry-title-wrapper\">\n<div class=\"container-wrapper fullwidth-entry-title\">\n<header class=\"entry-header-outer\">\n<div class=\"entry-header\">\n<h1 class=\"post-title entry-title\"><strong style=\"font-size: 15px;\">Fiscal jefe de esta comuna, Nicol\u00e1s Mel\u00e9ndez, se\u00f1al\u00f3 que en la audiencia pudo acreditar la participaci\u00f3n consumada en el il\u00edcito del detenido, luego que fuera sorprendido por personal de Carabineros.<\/strong><\/h1>\n<\/div>\n<\/header>\n<\/div>\n<\/div>\n<div id=\"content\" class=\"site-content container\">\n<div id=\"main-content-row\" class=\"tie-row main-content-row\">\n<div class=\"main-content tie-col-md-8 tie-col-xs-12\" role=\"main\">\n<article id=\"the-post\" class=\"container-wrapper post-content tie-standard\">\n<div class=\"entry-content entry clearfix\">\n<div class=\"code-block code-block-3\">\n<div id=\"sas_99069\"><\/div>\n<\/div>\n<p align=\"justify\">Bajo la medida cautelar de prisi\u00f3n preventiva, luego de la solicitud de la Fiscal\u00eda, qued\u00f3 un imputado que fue detenido por personal de Carabineros por su responsabilidad en el traslado de caso media tonelada de marihuana y un kilo de ketamina en Cha\u00f1aral.<\/p>\n<div class=\"code-block code-block-5\">\n<div id=\"sas_99435\">Los antecedentes de esta causa fueron argumentados ante el Juzgado de Garant\u00eda de esta comuna por el fiscal jefe de la localidad, Nicol\u00e1s Mel\u00e9ndez, quien indic\u00f3 que los hechos comenzaron a sucederse luego de un control carretero que realizaban funcionarios de la Primera Comisar\u00eda del puerto, quienes detectaron la presencia de una gran cantidad de droga en un veh\u00edculo que circulaba por la ruta 5 norte en direcci\u00f3n al sur del pa\u00eds.<\/div>\n<\/div>\n<p align=\"justify\">\u201cFrente a este procedimiento la Fiscal\u00eda orden\u00f3 la presencia en el lugar del OS-7 de Carabineros para adoptar las diligencias de rigor y realizar el pesaje de la droga, determinando que la persona detenida transportaba casi media tonelada de marihuana y adem\u00e1s un kilo de ketamina\u201d, dijo el fiscal.<\/p>\n<p align=\"justify\">Mel\u00e9ndez agreg\u00f3 que en la audiencia la Fiscal\u00eda present\u00f3 medios de prueba contenidos en esta etapa inicial de la causa penal, con los cuales sustent\u00f3 la solicitud de prisi\u00f3n preventiva dada la gravedad de los hechos y la contundencia de la informaci\u00f3n reunida por personal policial. Dicha petici\u00f3n fue acogida por el Juez de turno, quien orden\u00f3 el ingreso del detenido mayor de edad a la c\u00e1rcel local y un plazo de 120 d\u00edas para la ejecuci\u00f3n de las diligencias que restan en esta investigaci\u00f3n.<\/p>\n<\/div>\n<\/article>\n<\/div>\n<\/div>\n<\/div>\n","protected":false},"excerpt":{"rendered":"<p>Fiscal jefe de esta comuna, Nicol\u00e1s Mel\u00e9ndez, se\u00f1al\u00f3 que en la audiencia pudo acreditar la participaci\u00f3n consumada en el il\u00edcito del detenido, luego que fuera&hellip; <\/p>\n","protected":false},"author":5,"featured_media":98900,"comment_status":"closed","ping_status":"closed","sticky":false,"template":"","format":"standard","meta":{"footnotes":""},"categories":[7],"tags":[],"class_list":["post-101853","post","type-post","status-publish","format-standard","has-post-thumbnail","hentry","category-atacama"],"_links":{"self":[{"href":"https:\/\/www.radioamigavallenar.cl\/index.php?rest_route=\/wp\/v2\/posts\/101853","targetHints":{"allow":["GET"]}}],"collection":[{"href":"https:\/\/www.radioamigavallenar.cl\/index.php?rest_route=\/wp\/v2\/posts"}],"about":[{"href":"https:\/\/www.radioamigavallenar.cl\/index.php?rest_route=\/wp\/v2\/types\/post"}],"author":[{"embeddable":true,"href":"https:\/\/www.radioamigavallenar.cl\/index.php?rest_route=\/wp\/v2\/users\/5"}],"replies":[{"embeddable":true,"href":"https:\/\/www.radioamigavallenar.cl\/index.php?rest_route=%2Fwp%2Fv2%2Fcomments&post=101853"}],"version-history":[{"count":1,"href":"https:\/\/www.radioamigavallenar.cl\/index.php?rest_route=\/wp\/v2\/posts\/101853\/revisions"}],"predecessor-version":[{"id":101854,"href":"https:\/\/www.radioamigavallenar.cl\/index.php?rest_route=\/wp\/v2\/posts\/101853\/revisions\/101854"}],"wp:featuredmedia":[{"embeddable":true,"href":"https:\/\/www.radioamigavallenar.cl\/index.php?rest_route=\/wp\/v2\/media\/98900"}],"wp:attachment":[{"href":"https:\/\/www.radioamigavallenar.cl\/index.php?rest_route=%2Fwp%2Fv2%2Fmedia&parent=101853"}],"wp:term":[{"taxonomy":"category","embeddable":true,"href":"https:\/\/www.radioamigavallenar.cl\/index.php?rest_route=%2Fwp%2Fv2%2Fcategories&post=101853"},{"taxonomy":"post_tag","embeddable":true,"href":"https:\/\/www.radioamigavallenar.cl\/index.php?rest_route=%2Fwp%2Fv2%2Ftags&post=101853"}],"curies":[{"name":"wp","href":"https:\/\/api.w.org\/{rel}","templated":true}]}}