{"id":101846,"date":"2026-04-28T10:16:18","date_gmt":"2026-04-28T14:16:18","guid":{"rendered":"https:\/\/www.radioamigavallenar.cl\/?p=101846"},"modified":"2026-04-28T10:16:33","modified_gmt":"2026-04-28T14:16:33","slug":"delegacion-presidencial-del-huasco-se-pronuncia-por-hechos-de-violencia-en-las-afueras-de-liceo-en-vallenar","status":"publish","type":"post","link":"https:\/\/www.radioamigavallenar.cl\/?p=101846","title":{"rendered":"Delegaci\u00f3n Presidencial del Huasco se pronuncia por hechos de violencia en las afueras de liceo en Vallenar"},"content":{"rendered":"<p data-start=\"238\" data-end=\"391\">Autoridades confirmaron que no hay personas lesionadas y destacaron el trabajo coordinado con Carabineros y el municipio para esclarecer lo ocurrido.<\/p>\n<p data-start=\"393\" data-end=\"726\">La Delegaci\u00f3n Presidencial Provincial del Huasco, encabezada por <span class=\"hover:entity-accent entity-underline inline cursor-pointer align-baseline\"><span class=\"whitespace-normal\">Juan Donoso<\/span><\/span>, se refiri\u00f3 a los hechos de violencia registrados durante la tarde de este lunes en las afueras del <span class=\"hover:entity-accent entity-underline inline cursor-pointer align-baseline\"><span class=\"whitespace-normal\">Liceo Pedro Troncoso Machuca<\/span><\/span>, situaci\u00f3n que gener\u00f3 preocupaci\u00f3n en la comunidad educativa y en las familias de la comuna.<\/p>\n<p data-start=\"728\" data-end=\"1066\">Seg\u00fan informaci\u00f3n oficial, hasta el momento no se han reportado personas lesionadas que hayan ingresado a centros de salud, ni tampoco se han presentado denuncias por lesiones. No obstante, <span class=\"hover:entity-accent entity-underline inline cursor-pointer align-baseline\"><span class=\"whitespace-normal\">Carabineros de Chile<\/span><\/span> inici\u00f3 una denuncia de oficio y se encuentra realizando diligencias para esclarecer completamente lo sucedido.<\/p>\n<h3 data-section-id=\"dpf1sv\" data-start=\"1068\" data-end=\"1094\"><span role=\"text\"><strong data-start=\"1072\" data-end=\"1094\">Trabajo coordinado<\/strong><\/span><\/h3>\n<p data-start=\"1096\" data-end=\"1358\">Desde la Delegaci\u00f3n se inform\u00f3 que se est\u00e1 trabajando de manera conjunta con el municipio, a trav\u00e9s de su equipo de Seguridad P\u00fablica, quienes han colaborado en el levantamiento de antecedentes y la revisi\u00f3n de c\u00e1maras de vigilancia para apoyar el procedimiento.<\/p>\n<p data-start=\"1360\" data-end=\"1579\">La autoridad provincial lament\u00f3 lo ocurrido, especialmente por tratarse de un hecho que involucra a j\u00f3venes, enfatizando la necesidad de abordar este tipo de situaciones con responsabilidad y coordinaci\u00f3n institucional.<\/p>\n<h3 data-section-id=\"120iewx\" data-start=\"1581\" data-end=\"1612\"><span role=\"text\"><strong data-start=\"1585\" data-end=\"1612\">Llamado a la prevenci\u00f3n<\/strong><\/span><\/h3>\n<p data-start=\"1614\" data-end=\"1843\">Desde la Delegaci\u00f3n Presidencial reiteraron que el foco est\u00e1 puesto en reforzar el trabajo preventivo para evitar que hechos de esta naturaleza se repitan, subrayando que la violencia no puede normalizarse en espacios educativos.<\/p>\n","protected":false},"excerpt":{"rendered":"<p>Autoridades confirmaron que no hay personas lesionadas y destacaron el trabajo coordinado con Carabineros y el municipio para esclarecer lo ocurrido. La Delegaci\u00f3n Presidencial Provincial&hellip; <\/p>\n","protected":false},"author":5,"featured_media":101847,"comment_status":"closed","ping_status":"closed","sticky":false,"template":"","format":"standard","meta":{"footnotes":""},"categories":[38],"tags":[],"class_list":["post-101846","post","type-post","status-publish","format-standard","has-post-thumbnail","hentry","category-portada-regional"],"_links":{"self":[{"href":"https:\/\/www.radioamigavallenar.cl\/index.php?rest_route=\/wp\/v2\/posts\/101846","targetHints":{"allow":["GET"]}}],"collection":[{"href":"https:\/\/www.radioamigavallenar.cl\/index.php?rest_route=\/wp\/v2\/posts"}],"about":[{"href":"https:\/\/www.radioamigavallenar.cl\/index.php?rest_route=\/wp\/v2\/types\/post"}],"author":[{"embeddable":true,"href":"https:\/\/www.radioamigavallenar.cl\/index.php?rest_route=\/wp\/v2\/users\/5"}],"replies":[{"embeddable":true,"href":"https:\/\/www.radioamigavallenar.cl\/index.php?rest_route=%2Fwp%2Fv2%2Fcomments&post=101846"}],"version-history":[{"count":2,"href":"https:\/\/www.radioamigavallenar.cl\/index.php?rest_route=\/wp\/v2\/posts\/101846\/revisions"}],"predecessor-version":[{"id":101849,"href":"https:\/\/www.radioamigavallenar.cl\/index.php?rest_route=\/wp\/v2\/posts\/101846\/revisions\/101849"}],"wp:featuredmedia":[{"embeddable":true,"href":"https:\/\/www.radioamigavallenar.cl\/index.php?rest_route=\/wp\/v2\/media\/101847"}],"wp:attachment":[{"href":"https:\/\/www.radioamigavallenar.cl\/index.php?rest_route=%2Fwp%2Fv2%2Fmedia&parent=101846"}],"wp:term":[{"taxonomy":"category","embeddable":true,"href":"https:\/\/www.radioamigavallenar.cl\/index.php?rest_route=%2Fwp%2Fv2%2Fcategories&post=101846"},{"taxonomy":"post_tag","embeddable":true,"href":"https:\/\/www.radioamigavallenar.cl\/index.php?rest_route=%2Fwp%2Fv2%2Ftags&post=101846"}],"curies":[{"name":"wp","href":"https:\/\/api.w.org\/{rel}","templated":true}]}}