{"id":101843,"date":"2026-04-28T10:13:53","date_gmt":"2026-04-28T14:13:53","guid":{"rendered":"https:\/\/www.radioamigavallenar.cl\/?p=101843"},"modified":"2026-04-28T10:13:53","modified_gmt":"2026-04-28T14:13:53","slug":"registran-violento-incidente-entre-estudiantes-con-arma-blanca-en-pleno-centro-de-vallenar","status":"publish","type":"post","link":"https:\/\/www.radioamigavallenar.cl\/?p=101843","title":{"rendered":"Registran violento incidente entre estudiantes con arma blanca en pleno centro de Vallenar"},"content":{"rendered":"<p data-start=\"221\" data-end=\"378\">El hecho, ocurrido a plena luz del d\u00eda frente a un establecimiento educacional, fue captado en video y gener\u00f3 preocupaci\u00f3n por la seguridad en el sector.<\/p>\n<p data-start=\"380\" data-end=\"588\">Un grave hecho de violencia escolar se registr\u00f3 en el centro de Vallenar, donde una pelea entre estudiantes, que incluy\u00f3 el uso de un arma blanca, fue captada en un video difundido a trav\u00e9s de redes sociales.<\/p>\n<p data-start=\"590\" data-end=\"984\">El registro muestra a al menos cuatro j\u00f3venes protagonizando una ri\u00f1a en la v\u00eda p\u00fablica, en las afueras del <span class=\"hover:entity-accent entity-underline inline cursor-pointer align-baseline\"><span class=\"whitespace-normal\">Liceo Pedro Troncoso Machuca<\/span><\/span>, en una zona de alto tr\u00e1nsito peatonal. En las im\u00e1genes se observa una escalada de agresiones, donde uno de los involucrados utiliza un arma blanca para atacar a otro estudiante, generando momentos de tensi\u00f3n entre quienes transitaban por el lugar.<\/p>\n<p data-start=\"986\" data-end=\"1138\">El incidente ocurri\u00f3 durante el d\u00eda, en presencia de vecinos y trabajadores, sin que se registrara intervenci\u00f3n de terceros en el momento de los hechos.<\/p>\n<h3 data-section-id=\"7pzvbb\" data-start=\"1140\" data-end=\"1187\"><span role=\"text\"><strong data-start=\"1144\" data-end=\"1187\">Sin denuncias ni lesionados registrados<\/strong><\/span><\/h3>\n<p data-start=\"1189\" data-end=\"1530\">Desde <span class=\"hover:entity-accent entity-underline inline cursor-pointer align-baseline\"><span class=\"whitespace-normal\">Carabineros de Chile<\/span><\/span> informaron que, hasta ahora, no existe una denuncia formal por el hecho ni registros de personas lesionadas que hayan ingresado a centros de salud, como el hospital o Cesfam de la comuna. No obstante, la instituci\u00f3n indic\u00f3 que los antecedentes ser\u00e1n puestos en conocimiento del Ministerio P\u00fablico.<\/p>\n<h3 data-section-id=\"16h023u\" data-start=\"2180\" data-end=\"2216\"><span role=\"text\"><strong data-start=\"2184\" data-end=\"2216\">Preocupaci\u00f3n en la comunidad<\/strong><\/span><\/h3>\n<p data-start=\"2218\" data-end=\"2432\">Testigos indicaron que el episodio gener\u00f3 temor entre quienes se encontraban en el sector, debido a la violencia del incidente y al riesgo para terceros, considerando el uso de un arma blanca en un espacio p\u00fablico<\/p>\n<p data-start=\"2218\" data-end=\"2432\">Fuente original :El Noticiero Del Huasco<\/p>\n","protected":false},"excerpt":{"rendered":"<p>El hecho, ocurrido a plena luz del d\u00eda frente a un establecimiento educacional, fue captado en video y gener\u00f3 preocupaci\u00f3n por la seguridad en el&hellip; <\/p>\n","protected":false},"author":5,"featured_media":101844,"comment_status":"closed","ping_status":"closed","sticky":false,"template":"","format":"standard","meta":{"footnotes":""},"categories":[38],"tags":[],"class_list":["post-101843","post","type-post","status-publish","format-standard","has-post-thumbnail","hentry","category-portada-regional"],"_links":{"self":[{"href":"https:\/\/www.radioamigavallenar.cl\/index.php?rest_route=\/wp\/v2\/posts\/101843","targetHints":{"allow":["GET"]}}],"collection":[{"href":"https:\/\/www.radioamigavallenar.cl\/index.php?rest_route=\/wp\/v2\/posts"}],"about":[{"href":"https:\/\/www.radioamigavallenar.cl\/index.php?rest_route=\/wp\/v2\/types\/post"}],"author":[{"embeddable":true,"href":"https:\/\/www.radioamigavallenar.cl\/index.php?rest_route=\/wp\/v2\/users\/5"}],"replies":[{"embeddable":true,"href":"https:\/\/www.radioamigavallenar.cl\/index.php?rest_route=%2Fwp%2Fv2%2Fcomments&post=101843"}],"version-history":[{"count":1,"href":"https:\/\/www.radioamigavallenar.cl\/index.php?rest_route=\/wp\/v2\/posts\/101843\/revisions"}],"predecessor-version":[{"id":101845,"href":"https:\/\/www.radioamigavallenar.cl\/index.php?rest_route=\/wp\/v2\/posts\/101843\/revisions\/101845"}],"wp:featuredmedia":[{"embeddable":true,"href":"https:\/\/www.radioamigavallenar.cl\/index.php?rest_route=\/wp\/v2\/media\/101844"}],"wp:attachment":[{"href":"https:\/\/www.radioamigavallenar.cl\/index.php?rest_route=%2Fwp%2Fv2%2Fmedia&parent=101843"}],"wp:term":[{"taxonomy":"category","embeddable":true,"href":"https:\/\/www.radioamigavallenar.cl\/index.php?rest_route=%2Fwp%2Fv2%2Fcategories&post=101843"},{"taxonomy":"post_tag","embeddable":true,"href":"https:\/\/www.radioamigavallenar.cl\/index.php?rest_route=%2Fwp%2Fv2%2Ftags&post=101843"}],"curies":[{"name":"wp","href":"https:\/\/api.w.org\/{rel}","templated":true}]}}