{"id":101840,"date":"2026-04-28T10:08:41","date_gmt":"2026-04-28T14:08:41","guid":{"rendered":"https:\/\/www.radioamigavallenar.cl\/?p=101840"},"modified":"2026-04-28T10:08:41","modified_gmt":"2026-04-28T14:08:41","slug":"inauguran-nuevas-obras-en-chollay-para-fortalecer-el-desarrollo-del-territorio","status":"publish","type":"post","link":"https:\/\/www.radioamigavallenar.cl\/?p=101840","title":{"rendered":"Inauguran nuevas obras en Chollay para fortalecer el desarrollo del territorio"},"content":{"rendered":"<h2 data-section-id=\"vbxlgo\" data-start=\"138\" data-end=\"223\"><\/h2>\n<p data-start=\"225\" data-end=\"383\">Centro comunitario y mejoramiento de plaza buscan potenciar la calidad de vida y la participaci\u00f3n de los vecinos en esta localidad del Valle del Tr\u00e1nsito.<\/p>\n<p data-start=\"385\" data-end=\"651\">En una significativa jornada para la comunidad, autoridades inauguraron dos importantes obras en la localidad de Chollay, en la comuna de Alto del Carmen, iniciativas que apuntan a mejorar la calidad de vida de las familias y fortalecer el desarrollo del territorio.<\/p>\n<p data-start=\"653\" data-end=\"995\">La actividad cont\u00f3 con la presencia del delegado presidencial provincial del Huasco, <span class=\"hover:entity-accent entity-underline inline cursor-pointer align-baseline\"><span class=\"whitespace-normal\">Juan Donoso<\/span><\/span>, junto a la jefa regional de Subdere Atacama, <span class=\"hover:entity-accent entity-underline inline cursor-pointer align-baseline\"><span class=\"whitespace-normal\">Paula Garc\u00eda<\/span><\/span>, quienes acompa\u00f1aron al alcalde de la comuna, <span class=\"hover:entity-accent entity-underline inline cursor-pointer align-baseline\"><span class=\"whitespace-normal\">Cristian Olivares<\/span><\/span>, adem\u00e1s del concejo municipal y vecinos del sector.<\/p>\n<p data-start=\"997\" data-end=\"1273\">Las obras inauguradas corresponden a la construcci\u00f3n de un moderno centro comunitario y al mejoramiento de la plaza de Chollay, espacios que buscan fomentar la participaci\u00f3n ciudadana, la integraci\u00f3n social y el desarrollo comunitario en esta localidad del Valle del Tr\u00e1nsito.<\/p>\n<p data-start=\"1275\" data-end=\"1616\">El centro comunitario fue financiado a trav\u00e9s del Fondo Regional de Iniciativa Local (FRIL) del Gobierno Regional de Atacama, mientras que el proyecto de mejoramiento de la plaza se ejecut\u00f3 con recursos de la Subsecretar\u00eda de Desarrollo Regional y Administrativo (Subdere), mediante el Programa de Mejoramiento Urbano y Equipamiento Comunal.<\/p>\n<h3 data-section-id=\"5gnumi\" data-start=\"1618\" data-end=\"1652\"><span role=\"text\"><strong data-start=\"1622\" data-end=\"1652\">Espacios para la comunidad<\/strong><\/span><\/h3>\n<p data-start=\"1654\" data-end=\"1916\">Ambas iniciativas responden a demandas levantadas por los propios vecinos, quienes han participado activamente en el desarrollo de estos proyectos junto a las autoridades, destacando la importancia de contar con infraestructura adecuada para la vida comunitaria.<\/p>\n<p data-start=\"1918\" data-end=\"2110\">El delegado presidencial Juan Donoso valor\u00f3 el trabajo conjunto entre las distintas instituciones, se\u00f1alando que estas obras representan un avance concreto en las aspiraciones de la comunidad.<\/p>\n<p data-start=\"2112\" data-end=\"2324\"><strong data-start=\"2112\" data-end=\"2324\">\u201cEstas iniciativas permiten no solo mejorar la calidad de vida de las familias, sino tambi\u00e9n generar espacios de encuentro que fortalecen el desarrollo y crecimiento de los territorios\u201d, destac\u00f3 la autoridad.<\/strong><\/p>\n","protected":false},"excerpt":{"rendered":"<p>Centro comunitario y mejoramiento de plaza buscan potenciar la calidad de vida y la participaci\u00f3n de los vecinos en esta localidad del Valle del Tr\u00e1nsito.&hellip; <\/p>\n","protected":false},"author":5,"featured_media":101841,"comment_status":"closed","ping_status":"closed","sticky":false,"template":"","format":"standard","meta":{"footnotes":""},"categories":[7],"tags":[],"class_list":["post-101840","post","type-post","status-publish","format-standard","has-post-thumbnail","hentry","category-atacama"],"_links":{"self":[{"href":"https:\/\/www.radioamigavallenar.cl\/index.php?rest_route=\/wp\/v2\/posts\/101840","targetHints":{"allow":["GET"]}}],"collection":[{"href":"https:\/\/www.radioamigavallenar.cl\/index.php?rest_route=\/wp\/v2\/posts"}],"about":[{"href":"https:\/\/www.radioamigavallenar.cl\/index.php?rest_route=\/wp\/v2\/types\/post"}],"author":[{"embeddable":true,"href":"https:\/\/www.radioamigavallenar.cl\/index.php?rest_route=\/wp\/v2\/users\/5"}],"replies":[{"embeddable":true,"href":"https:\/\/www.radioamigavallenar.cl\/index.php?rest_route=%2Fwp%2Fv2%2Fcomments&post=101840"}],"version-history":[{"count":1,"href":"https:\/\/www.radioamigavallenar.cl\/index.php?rest_route=\/wp\/v2\/posts\/101840\/revisions"}],"predecessor-version":[{"id":101842,"href":"https:\/\/www.radioamigavallenar.cl\/index.php?rest_route=\/wp\/v2\/posts\/101840\/revisions\/101842"}],"wp:featuredmedia":[{"embeddable":true,"href":"https:\/\/www.radioamigavallenar.cl\/index.php?rest_route=\/wp\/v2\/media\/101841"}],"wp:attachment":[{"href":"https:\/\/www.radioamigavallenar.cl\/index.php?rest_route=%2Fwp%2Fv2%2Fmedia&parent=101840"}],"wp:term":[{"taxonomy":"category","embeddable":true,"href":"https:\/\/www.radioamigavallenar.cl\/index.php?rest_route=%2Fwp%2Fv2%2Fcategories&post=101840"},{"taxonomy":"post_tag","embeddable":true,"href":"https:\/\/www.radioamigavallenar.cl\/index.php?rest_route=%2Fwp%2Fv2%2Ftags&post=101840"}],"curies":[{"name":"wp","href":"https:\/\/api.w.org\/{rel}","templated":true}]}}