{"id":101836,"date":"2026-04-28T00:48:31","date_gmt":"2026-04-28T04:48:31","guid":{"rendered":"https:\/\/www.radioamigavallenar.cl\/?p=101836"},"modified":"2026-04-27T23:51:16","modified_gmt":"2026-04-28T03:51:16","slug":"la-burrocracia-mata-el-sueno-de-la-casa-propia-ministro-poduje-arremete-contra-ley-de-humedales-y-de-urresti","status":"publish","type":"post","link":"https:\/\/www.radioamigavallenar.cl\/?p=101836","title":{"rendered":"\u201cLa \u2018burrocracia\u2019 mata el sue\u00f1o de la casa propia\u201d: ministro Poduje arremete contra Ley de Humedales y De Urresti"},"content":{"rendered":"<p data-start=\"237\" data-end=\"429\"><strong data-start=\"237\" data-end=\"429\">El titular de Vivienda critic\u00f3 la implementaci\u00f3n de la normativa ambiental, asegurando que est\u00e1 frenando proyectos habitacionales, mientras desde autoridades locales cuestionan sus dichos.<\/strong><\/p>\n<p data-start=\"431\" data-end=\"783\">El ministro de Vivienda y Urbanismo, <span class=\"hover:entity-accent entity-underline inline cursor-pointer align-baseline\"><span class=\"whitespace-normal\">Iv\u00e1n Poduje<\/span><\/span>, volvi\u00f3 a cuestionar la Ley de Humedales, se\u00f1alando que su aplicaci\u00f3n est\u00e1 afectando directamente el desarrollo de proyectos habitacionales en el pa\u00eds. \u201cLa \u2018burrocracia\u2019 est\u00e1 matando la inversi\u00f3n y el sue\u00f1o de la casa propia\u201d, afirm\u00f3 durante una visita a la regi\u00f3n de Los R\u00edos.<\/p>\n<p data-start=\"785\" data-end=\"1065\">En ese contexto, la autoridad tambi\u00e9n apunt\u00f3 contra el senador <span class=\"hover:entity-accent entity-underline inline cursor-pointer align-baseline\"><span class=\"whitespace-normal\">Alfonso de Urresti<\/span><\/span>, a quien responsabiliz\u00f3 por el impacto de la normativa, calificando la situaci\u00f3n como una \u201cbrutalidad\u201d en t\u00e9rminos de los procesos que hoy dificultan la construcci\u00f3n de viviendas.<\/p>\n<h3 data-section-id=\"e7bx6n\" data-start=\"1067\" data-end=\"1113\"><span role=\"text\"><strong data-start=\"1071\" data-end=\"1113\">Cr\u00edticas a la implementaci\u00f3n de la ley<\/strong><\/span><\/h3>\n<p data-start=\"1115\" data-end=\"1481\">Seg\u00fan explic\u00f3 el ministro, en ciudades como Valdivia existe un serio problema de acceso al suelo debido a las exigencias de la Ley de Humedales, lo que ha impedido avanzar en proyectos de vivienda social. En esa l\u00ednea, sostuvo que si bien la normativa responde a un objetivo positivo \u2014la protecci\u00f3n del medioambiente\u2014, su implementaci\u00f3n ha generado trabas excesivas.<\/p>\n<p data-start=\"1483\" data-end=\"1768\">Las declaraciones se dieron en el marco de una reuni\u00f3n en el Servicio de Vivienda y Urbanizaci\u00f3n (Serviu), donde participaron autoridades regionales, parlamentarios y dirigentes sociales. En la instancia, se abordaron las dificultades que enfrentan diversas iniciativas habitacionales.<\/p>\n<h3 data-section-id=\"m4o0mh\" data-start=\"1770\" data-end=\"1810\"><span role=\"text\"><strong data-start=\"1774\" data-end=\"1810\">Tensi\u00f3n por acceso a la vivienda<\/strong><\/span><\/h3>\n<p data-start=\"1812\" data-end=\"2112\">Durante el encuentro, se plante\u00f3 que Valdivia es considerada una \u201cciudad humedal\u201d, lo que limita significativamente la disponibilidad de terrenos. Frente a ello, el ministro cuestion\u00f3 si es razonable que familias deban esperar hasta ocho a\u00f1os para acceder a una vivienda debido a estas restricciones.<\/p>\n<p data-start=\"2114\" data-end=\"2375\">No obstante, las cr\u00edticas no han sido unilaterales. La alcaldesa de Valdivia, <span class=\"hover:entity-accent entity-underline inline cursor-pointer align-baseline\"><span class=\"whitespace-normal\">Carla Amtmann<\/span><\/span>, ha desmentido parte de estos planteamientos, asegurando que existen m\u00e1s de 140 hect\u00e1reas disponibles para proyectos habitacionales en la comuna.<\/p>\n<h3 data-section-id=\"ps8j4j\" data-start=\"2377\" data-end=\"2399\"><span role=\"text\"><strong data-start=\"2381\" data-end=\"2399\">Debate abierto<\/strong><\/span><\/h3>\n<p data-start=\"2401\" data-end=\"2610\">Las declaraciones de Poduje se suman a una serie de cuestionamientos previos a la normativa, reabriendo el debate sobre c\u00f3mo equilibrar la protecci\u00f3n ambiental con la necesidad urgente de acceso a la vivienda.<\/p>\n","protected":false},"excerpt":{"rendered":"<p>El titular de Vivienda critic\u00f3 la implementaci\u00f3n de la normativa ambiental, asegurando que est\u00e1 frenando proyectos habitacionales, mientras desde autoridades locales cuestionan sus dichos. El&hellip; <\/p>\n","protected":false},"author":5,"featured_media":101837,"comment_status":"closed","ping_status":"closed","sticky":false,"template":"","format":"standard","meta":{"footnotes":""},"categories":[37],"tags":[],"class_list":["post-101836","post","type-post","status-publish","format-standard","has-post-thumbnail","hentry","category-nacional"],"_links":{"self":[{"href":"https:\/\/www.radioamigavallenar.cl\/index.php?rest_route=\/wp\/v2\/posts\/101836","targetHints":{"allow":["GET"]}}],"collection":[{"href":"https:\/\/www.radioamigavallenar.cl\/index.php?rest_route=\/wp\/v2\/posts"}],"about":[{"href":"https:\/\/www.radioamigavallenar.cl\/index.php?rest_route=\/wp\/v2\/types\/post"}],"author":[{"embeddable":true,"href":"https:\/\/www.radioamigavallenar.cl\/index.php?rest_route=\/wp\/v2\/users\/5"}],"replies":[{"embeddable":true,"href":"https:\/\/www.radioamigavallenar.cl\/index.php?rest_route=%2Fwp%2Fv2%2Fcomments&post=101836"}],"version-history":[{"count":1,"href":"https:\/\/www.radioamigavallenar.cl\/index.php?rest_route=\/wp\/v2\/posts\/101836\/revisions"}],"predecessor-version":[{"id":101838,"href":"https:\/\/www.radioamigavallenar.cl\/index.php?rest_route=\/wp\/v2\/posts\/101836\/revisions\/101838"}],"wp:featuredmedia":[{"embeddable":true,"href":"https:\/\/www.radioamigavallenar.cl\/index.php?rest_route=\/wp\/v2\/media\/101837"}],"wp:attachment":[{"href":"https:\/\/www.radioamigavallenar.cl\/index.php?rest_route=%2Fwp%2Fv2%2Fmedia&parent=101836"}],"wp:term":[{"taxonomy":"category","embeddable":true,"href":"https:\/\/www.radioamigavallenar.cl\/index.php?rest_route=%2Fwp%2Fv2%2Fcategories&post=101836"},{"taxonomy":"post_tag","embeddable":true,"href":"https:\/\/www.radioamigavallenar.cl\/index.php?rest_route=%2Fwp%2Fv2%2Ftags&post=101836"}],"curies":[{"name":"wp","href":"https:\/\/api.w.org\/{rel}","templated":true}]}}