{"id":101833,"date":"2026-04-28T00:43:03","date_gmt":"2026-04-28T04:43:03","guid":{"rendered":"https:\/\/www.radioamigavallenar.cl\/?p=101833"},"modified":"2026-04-27T23:48:27","modified_gmt":"2026-04-28T03:48:27","slug":"pc-y-frente-amplio-presionan-para-dividir-megarreforma-tras-reuniones-con-el-gobierno-udi-cuestiona-los-encuentros","status":"publish","type":"post","link":"https:\/\/www.radioamigavallenar.cl\/?p=101833","title":{"rendered":"PC y Frente Amplio presionan para dividir megarreforma tras reuniones con el Gobierno: UDI cuestiona los encuentros"},"content":{"rendered":"<p data-start=\"238\" data-end=\"431\">Oficialismo plantea separar ayudas sociales de medidas tributarias, mientras desde la oposici\u00f3n critican el di\u00e1logo del Ejecutivo con sectores que eval\u00faan acudir al Tribunal Constitucional.<\/p>\n<p data-start=\"433\" data-end=\"799\">El Gobierno sostuvo reuniones con representantes del <span class=\"hover:entity-accent entity-underline inline cursor-pointer align-baseline\"><span class=\"whitespace-normal\">Partido Comunista de Chile<\/span><\/span> y el <span class=\"hover:entity-accent entity-underline inline cursor-pointer align-baseline\"><span class=\"whitespace-normal\">Frente Amplio<\/span><\/span> para abordar el proyecto de Reconstrucci\u00f3n Nacional, instancia tras la cual ambas colectividades coincidieron en la necesidad de dividir la iniciativa y discutir por separado las ayudas sociales y las medidas de car\u00e1cter tributario.<\/p>\n<p data-start=\"801\" data-end=\"1145\">Las citas, encabezadas por el ministro de la Secretar\u00eda General de la Presidencia, <span class=\"hover:entity-accent entity-underline inline cursor-pointer align-baseline\"><span class=\"whitespace-normal\">Jos\u00e9 Garc\u00eda Ruminot<\/span><\/span>, no estuvieron exentas de cr\u00edticas. Desde la <span class=\"hover:entity-accent entity-underline inline cursor-pointer align-baseline\"><span class=\"whitespace-normal\">Uni\u00f3n Dem\u00f3crata Independiente<\/span><\/span> (UDI) cuestionaron que el Ejecutivo dialogue con sectores que han planteado la posibilidad de llevar el proyecto al Tribunal Constitucional.<\/p>\n<h3 data-section-id=\"12t5o97\" data-start=\"1147\" data-end=\"1197\"><span role=\"text\"><strong data-start=\"1151\" data-end=\"1197\">Oficialismo insiste en separar el proyecto<\/strong><\/span><\/h3>\n<p data-start=\"1199\" data-end=\"1425\">Tras el encuentro, la jefa de bancada del PC, <span class=\"hover:entity-accent entity-underline inline cursor-pointer align-baseline\"><span class=\"whitespace-normal\">Daniela Serrano<\/span><\/span>, confirm\u00f3 que rechazar\u00e1n la idea de legislar si no se retira la iniciativa actual y se presenta una nueva propuesta que separe los contenidos.<\/p>\n<p data-start=\"1427\" data-end=\"1669\">Desde el Frente Amplio, su presidenta <span class=\"hover:entity-accent entity-underline inline cursor-pointer align-baseline\"><span class=\"whitespace-normal\">Constanza Mart\u00ednez<\/span><\/span>, tambi\u00e9n respald\u00f3 esta postura, criticando el enfoque del Ejecutivo y advirtiendo que insistir en una propuesta unificada podr\u00eda derivar en su rechazo en el Congreso.<\/p>\n<h3 data-section-id=\"1trxdf9\" data-start=\"1671\" data-end=\"1706\"><span role=\"text\"><strong data-start=\"1675\" data-end=\"1706\">Cr\u00edticas desde la oposici\u00f3n<\/strong><\/span><\/h3>\n<p data-start=\"1708\" data-end=\"1991\">Las reuniones generaron molestia en la oposici\u00f3n. El diputado <span class=\"hover:entity-accent entity-underline inline cursor-pointer align-baseline\"><span class=\"whitespace-normal\">Jaime Coloma<\/span><\/span> calific\u00f3 los encuentros como un \u201cerror pol\u00edtico innecesario\u201d, cuestionando que se otorgue espacio a sectores que \u2014a su juicio\u2014 han mostrado una actitud obstructiva frente al proyecto.<\/p>\n<p data-start=\"1993\" data-end=\"2204\">En tanto, desde el <span class=\"hover:entity-accent entity-underline inline cursor-pointer align-baseline\"><span class=\"whitespace-normal\">Partido Republicano de Chile<\/span><\/span>, el diputado <span class=\"hover:entity-accent entity-underline inline cursor-pointer align-baseline\"><span class=\"whitespace-normal\">Benjam\u00edn Moreno<\/span><\/span> marc\u00f3 un tono m\u00e1s moderado, se\u00f1alando que es necesario confiar en la capacidad de di\u00e1logo del ministro.<\/p>\n<h3 data-section-id=\"aageih\" data-start=\"2206\" data-end=\"2242\"><span role=\"text\"><strong data-start=\"2210\" data-end=\"2242\">Gobierno defiende el di\u00e1logo<\/strong><\/span><\/h3>\n<p data-start=\"2244\" data-end=\"2499\">Frente a los cuestionamientos, el ministro Garc\u00eda Ruminot defendi\u00f3 la estrategia del Ejecutivo, afirmando que su rol es dialogar con todos los sectores con representaci\u00f3n pol\u00edtica y subrayando que \u201cel di\u00e1logo y la conversaci\u00f3n nunca debieran debilitarse\u201d.<\/p>\n","protected":false},"excerpt":{"rendered":"<p>Oficialismo plantea separar ayudas sociales de medidas tributarias, mientras desde la oposici\u00f3n critican el di\u00e1logo del Ejecutivo con sectores que eval\u00faan acudir al Tribunal Constitucional.&hellip; <\/p>\n","protected":false},"author":5,"featured_media":101834,"comment_status":"closed","ping_status":"closed","sticky":false,"template":"","format":"standard","meta":{"footnotes":""},"categories":[37],"tags":[],"class_list":["post-101833","post","type-post","status-publish","format-standard","has-post-thumbnail","hentry","category-nacional"],"_links":{"self":[{"href":"https:\/\/www.radioamigavallenar.cl\/index.php?rest_route=\/wp\/v2\/posts\/101833","targetHints":{"allow":["GET"]}}],"collection":[{"href":"https:\/\/www.radioamigavallenar.cl\/index.php?rest_route=\/wp\/v2\/posts"}],"about":[{"href":"https:\/\/www.radioamigavallenar.cl\/index.php?rest_route=\/wp\/v2\/types\/post"}],"author":[{"embeddable":true,"href":"https:\/\/www.radioamigavallenar.cl\/index.php?rest_route=\/wp\/v2\/users\/5"}],"replies":[{"embeddable":true,"href":"https:\/\/www.radioamigavallenar.cl\/index.php?rest_route=%2Fwp%2Fv2%2Fcomments&post=101833"}],"version-history":[{"count":1,"href":"https:\/\/www.radioamigavallenar.cl\/index.php?rest_route=\/wp\/v2\/posts\/101833\/revisions"}],"predecessor-version":[{"id":101835,"href":"https:\/\/www.radioamigavallenar.cl\/index.php?rest_route=\/wp\/v2\/posts\/101833\/revisions\/101835"}],"wp:featuredmedia":[{"embeddable":true,"href":"https:\/\/www.radioamigavallenar.cl\/index.php?rest_route=\/wp\/v2\/media\/101834"}],"wp:attachment":[{"href":"https:\/\/www.radioamigavallenar.cl\/index.php?rest_route=%2Fwp%2Fv2%2Fmedia&parent=101833"}],"wp:term":[{"taxonomy":"category","embeddable":true,"href":"https:\/\/www.radioamigavallenar.cl\/index.php?rest_route=%2Fwp%2Fv2%2Fcategories&post=101833"},{"taxonomy":"post_tag","embeddable":true,"href":"https:\/\/www.radioamigavallenar.cl\/index.php?rest_route=%2Fwp%2Fv2%2Ftags&post=101833"}],"curies":[{"name":"wp","href":"https:\/\/api.w.org\/{rel}","templated":true}]}}