{"id":101830,"date":"2026-04-28T00:29:51","date_gmt":"2026-04-28T04:29:51","guid":{"rendered":"https:\/\/www.radioamigavallenar.cl\/?p=101830"},"modified":"2026-04-27T23:34:43","modified_gmt":"2026-04-28T03:34:43","slug":"desconexion-programada-afectara-a-localidades-de-vallenar-y-freirina-por-trabajos-en-subestacion-de-incahuasi","status":"publish","type":"post","link":"https:\/\/www.radioamigavallenar.cl\/?p=101830","title":{"rendered":"Desconexi\u00f3n programada afectar\u00e1 a localidades de Vallenar y Freirina por trabajos en subestaci\u00f3n de Incahuasi"},"content":{"rendered":"<div class=\"container fullwidth-entry-title-wrapper\">\n<div class=\"container-wrapper fullwidth-entry-title\">\n<header class=\"entry-header-outer\">\n<div class=\"entry-header\"><\/div>\n<\/header>\n<\/div>\n<\/div>\n<div id=\"content\" class=\"site-content container\">\n<div id=\"main-content-row\" class=\"tie-row main-content-row\">\n<div class=\"main-content tie-col-md-8 tie-col-xs-12\" role=\"main\">\n<article id=\"the-post\" class=\"container-wrapper post-content tie-standard\">\n<div class=\"entry-content entry clearfix\">\n<div class=\"code-block code-block-3\">\n<div id=\"sas_99069\"><\/div>\n<\/div>\n<p>CGE inform\u00f3 que el pr\u00f3ximo mi\u00e9rcoles 6 de mayo se realizar\u00e1 una desconexi\u00f3n programada del suministro el\u00e9ctrico debido a trabajos de mantenimiento mayor a nivel de transmisi\u00f3n en la Subestaci\u00f3n de Incahuasi, labores que estar\u00e1n a cargo de la empresa Transelec.<\/p>\n<p>La interrupci\u00f3n del servicio se extender\u00e1 entre las 09:00 y las 15:00 horas y afectar\u00e1 a distintas localidades de las comunas de Vallenar y Freirina, en la Regi\u00f3n de Atacama.<\/p>\n<p>Entre los sectores que se ver\u00e1n impactados se encuentran Domeyko, Cachiyuyo, Incahuasi, Carrizalillo y Caleta Cha\u00f1aral de Aceituno.<\/p>\n<div class=\"code-block code-block-5\">\n<div id=\"sas_99435\"><\/div>\n<\/div>\n<p>Seg\u00fan detall\u00f3 la compa\u00f1\u00eda, la suspensi\u00f3n del suministro alcanzar\u00e1 a un total aproximado de 887 clientes.<\/p>\n<p>Desde CGE explicaron que esta interrupci\u00f3n permitir\u00e1 ejecutar trabajos de mantenimiento preventivo en la subestaci\u00f3n, con el objetivo de fortalecer la infraestructura el\u00e9ctrica y mejorar la calidad y continuidad del servicio para los usuarios de la zona.<\/p>\n<p>La empresa se\u00f1al\u00f3 que estas labores forman parte de las acciones de mantenimiento programado que buscan prevenir fallas y optimizar el funcionamiento del sistema de transmisi\u00f3n el\u00e9ctrica.<\/p>\n<p>Asimismo, recordaron que cuentan con distintos canales de atenci\u00f3n para resolver dudas o atender emergencias durante el desarrollo de estos trabajos.<\/p>\n<p>Entre ellos se encuentra la l\u00ednea gratuita 800 800 767, la aplicaci\u00f3n m\u00f3vil CGE \u201c1 click\u201d, el servicio de WhatsApp +56 9 8956 8479 y el n\u00famero exclusivo para pacientes electrodependientes 800 203 180.<\/p>\n<\/div>\n<\/article>\n<\/div>\n<\/div>\n<\/div>\n","protected":false},"excerpt":{"rendered":"<p>CGE inform\u00f3 que el pr\u00f3ximo mi\u00e9rcoles 6 de mayo se realizar\u00e1 una desconexi\u00f3n programada del suministro el\u00e9ctrico debido a trabajos de mantenimiento mayor a nivel&hellip; <\/p>\n","protected":false},"author":5,"featured_media":101831,"comment_status":"closed","ping_status":"closed","sticky":false,"template":"","format":"standard","meta":{"footnotes":""},"categories":[7],"tags":[],"class_list":["post-101830","post","type-post","status-publish","format-standard","has-post-thumbnail","hentry","category-atacama"],"_links":{"self":[{"href":"https:\/\/www.radioamigavallenar.cl\/index.php?rest_route=\/wp\/v2\/posts\/101830","targetHints":{"allow":["GET"]}}],"collection":[{"href":"https:\/\/www.radioamigavallenar.cl\/index.php?rest_route=\/wp\/v2\/posts"}],"about":[{"href":"https:\/\/www.radioamigavallenar.cl\/index.php?rest_route=\/wp\/v2\/types\/post"}],"author":[{"embeddable":true,"href":"https:\/\/www.radioamigavallenar.cl\/index.php?rest_route=\/wp\/v2\/users\/5"}],"replies":[{"embeddable":true,"href":"https:\/\/www.radioamigavallenar.cl\/index.php?rest_route=%2Fwp%2Fv2%2Fcomments&post=101830"}],"version-history":[{"count":1,"href":"https:\/\/www.radioamigavallenar.cl\/index.php?rest_route=\/wp\/v2\/posts\/101830\/revisions"}],"predecessor-version":[{"id":101832,"href":"https:\/\/www.radioamigavallenar.cl\/index.php?rest_route=\/wp\/v2\/posts\/101830\/revisions\/101832"}],"wp:featuredmedia":[{"embeddable":true,"href":"https:\/\/www.radioamigavallenar.cl\/index.php?rest_route=\/wp\/v2\/media\/101831"}],"wp:attachment":[{"href":"https:\/\/www.radioamigavallenar.cl\/index.php?rest_route=%2Fwp%2Fv2%2Fmedia&parent=101830"}],"wp:term":[{"taxonomy":"category","embeddable":true,"href":"https:\/\/www.radioamigavallenar.cl\/index.php?rest_route=%2Fwp%2Fv2%2Fcategories&post=101830"},{"taxonomy":"post_tag","embeddable":true,"href":"https:\/\/www.radioamigavallenar.cl\/index.php?rest_route=%2Fwp%2Fv2%2Ftags&post=101830"}],"curies":[{"name":"wp","href":"https:\/\/api.w.org\/{rel}","templated":true}]}}