{"id":101827,"date":"2026-04-28T00:26:18","date_gmt":"2026-04-28T04:26:18","guid":{"rendered":"https:\/\/www.radioamigavallenar.cl\/?p=101827"},"modified":"2026-04-27T23:27:40","modified_gmt":"2026-04-28T03:27:40","slug":"municipio-de-vallenar-habilita-nuevo-punto-de-seguridad-en-el-mercado-municipal-ante-aumento-de-hechos-de-inseguridad","status":"publish","type":"post","link":"https:\/\/www.radioamigavallenar.cl\/?p=101827","title":{"rendered":"Municipio de Vallenar habilita nuevo punto de seguridad en el Mercado Municipal ante aumento de hechos de inseguridad"},"content":{"rendered":"<div class=\"xdj266r x14z9mp xat24cr x1lziwak x1vvkbs x126k92a\">\n<div dir=\"auto\"><\/div>\n<\/div>\n<div class=\"x14z9mp xat24cr x1lziwak x1vvkbs xtlvy1s x126k92a\">\n<div dir=\"auto\">Ante el incremento de situaciones de inseguridad registradas en las \u00faltimas semanas, la Ilustre Municipalidad de Vallenar inform\u00f3 la habilitaci\u00f3n de un nuevo punto de acopio del equipo de Seguridad Comunal en el sector del Mercado Municipal.<\/div>\n<div dir=\"auto\"><\/div>\n<\/div>\n<div class=\"x14z9mp xat24cr x1lziwak x1vvkbs xtlvy1s x126k92a\">\n<div dir=\"auto\">La medida tiene como principal objetivo reforzar la presencia preventiva en uno de los espacios m\u00e1s concurridos de la comuna, contribuyendo a mejorar la sensaci\u00f3n de seguridad y el resguardo tanto de vecinos como de locatarios y visitantes.<\/div>\n<div dir=\"auto\"><\/div>\n<\/div>\n<div class=\"x14z9mp xat24cr x1lziwak x1vvkbs xtlvy1s x126k92a\">\n<div dir=\"auto\">Desde el municipio indicaron que esta acci\u00f3n permitir\u00e1 una respuesta m\u00e1s r\u00e1pida y oportuna frente a eventuales situaciones de riesgo, adem\u00e1s de fortalecer las labores de vigilancia y coordinaci\u00f3n en el sector.<\/div>\n<div dir=\"auto\"><\/div>\n<\/div>\n<div class=\"x14z9mp xat24cr x1lziwak x1vvkbs xtlvy1s x126k92a\">\n<div dir=\"auto\">Asimismo, la casa consistorial reiter\u00f3 su compromiso con la seguridad p\u00fablica, se\u00f1alando que continuar\u00e1 impulsando iniciativas que apunten a construir una comuna m\u00e1s segura. En esa l\u00ednea, se hizo un llamado a la comunidad a colaborar activamente, cuidar los espacios p\u00fablicos y denunciar cualquier hecho que altere la tranquilidad de la ciudadan\u00eda.<\/div>\n<\/div>\n","protected":false},"excerpt":{"rendered":"<p>Ante el incremento de situaciones de inseguridad registradas en las \u00faltimas semanas, la Ilustre Municipalidad de Vallenar inform\u00f3 la habilitaci\u00f3n de un nuevo punto de&hellip; <\/p>\n","protected":false},"author":5,"featured_media":101828,"comment_status":"closed","ping_status":"closed","sticky":false,"template":"","format":"standard","meta":{"footnotes":""},"categories":[7],"tags":[],"class_list":["post-101827","post","type-post","status-publish","format-standard","has-post-thumbnail","hentry","category-atacama"],"_links":{"self":[{"href":"https:\/\/www.radioamigavallenar.cl\/index.php?rest_route=\/wp\/v2\/posts\/101827","targetHints":{"allow":["GET"]}}],"collection":[{"href":"https:\/\/www.radioamigavallenar.cl\/index.php?rest_route=\/wp\/v2\/posts"}],"about":[{"href":"https:\/\/www.radioamigavallenar.cl\/index.php?rest_route=\/wp\/v2\/types\/post"}],"author":[{"embeddable":true,"href":"https:\/\/www.radioamigavallenar.cl\/index.php?rest_route=\/wp\/v2\/users\/5"}],"replies":[{"embeddable":true,"href":"https:\/\/www.radioamigavallenar.cl\/index.php?rest_route=%2Fwp%2Fv2%2Fcomments&post=101827"}],"version-history":[{"count":1,"href":"https:\/\/www.radioamigavallenar.cl\/index.php?rest_route=\/wp\/v2\/posts\/101827\/revisions"}],"predecessor-version":[{"id":101829,"href":"https:\/\/www.radioamigavallenar.cl\/index.php?rest_route=\/wp\/v2\/posts\/101827\/revisions\/101829"}],"wp:featuredmedia":[{"embeddable":true,"href":"https:\/\/www.radioamigavallenar.cl\/index.php?rest_route=\/wp\/v2\/media\/101828"}],"wp:attachment":[{"href":"https:\/\/www.radioamigavallenar.cl\/index.php?rest_route=%2Fwp%2Fv2%2Fmedia&parent=101827"}],"wp:term":[{"taxonomy":"category","embeddable":true,"href":"https:\/\/www.radioamigavallenar.cl\/index.php?rest_route=%2Fwp%2Fv2%2Fcategories&post=101827"},{"taxonomy":"post_tag","embeddable":true,"href":"https:\/\/www.radioamigavallenar.cl\/index.php?rest_route=%2Fwp%2Fv2%2Ftags&post=101827"}],"curies":[{"name":"wp","href":"https:\/\/api.w.org\/{rel}","templated":true}]}}