{"id":101824,"date":"2026-04-28T00:20:17","date_gmt":"2026-04-28T04:20:17","guid":{"rendered":"https:\/\/www.radioamigavallenar.cl\/?p=101824"},"modified":"2026-04-27T23:26:09","modified_gmt":"2026-04-28T03:26:09","slug":"carabineros-celebra-99-anos-en-reten-rosa-bugueno-con-apoyo-de-la-comunidad-de-vallenar","status":"publish","type":"post","link":"https:\/\/www.radioamigavallenar.cl\/?p=101824","title":{"rendered":"Carabineros celebra 99 a\u00f1os en Ret\u00e9n Rosa Bugue\u00f1o con apoyo de la comunidad de Vallenar"},"content":{"rendered":"<div class=\"xdj266r x14z9mp xat24cr x1lziwak x1vvkbs x126k92a\">\n<div dir=\"auto\"><\/div>\n<\/div>\n<div class=\"x14z9mp xat24cr x1lziwak x1vvkbs xtlvy1s x126k92a\">\n<div dir=\"auto\">En una emotiva ceremonia realizada en el Ret\u00e9n Rosa Bugue\u00f1o, en la provincia del Huasco, Carabineros de Chile conmemor\u00f3 su aniversario n\u00famero 99, instancia marcada por la participaci\u00f3n de vecinos, organizaciones sociales, estudiantes y autoridades locales.<\/div>\n<\/div>\n<div class=\"x14z9mp xat24cr x1lziwak x1vvkbs xtlvy1s x126k92a\">\n<div dir=\"auto\">La actividad incluy\u00f3 presentaciones folcl\u00f3ricas, como un pie de cueca, y diversas muestras de reconocimiento hacia la labor policial, reflejando el estrecho v\u00ednculo entre la instituci\u00f3n y la comunidad.<\/div>\n<div dir=\"auto\"><\/div>\n<\/div>\n<div class=\"x14z9mp xat24cr x1lziwak x1vvkbs xtlvy1s x126k92a\">\n<div dir=\"auto\">El jefe del ret\u00e9n Suboficial Mauricio Astudillo Torres destac\u00f3 la importancia de este nuevo aniversario, valorando el respaldo ciudadano y el compromiso del personal. \u00abEstamos muy contentos de cumplir 99 a\u00f1os al servicio de la comunidad. El cari\u00f1o demostrado por los vecinos, dirigentes sociales y familias es muy gratificante y nos indica que estamos haciendo bien nuestro trabajo\u201d, se\u00f1al\u00f3.<\/div>\n<div dir=\"auto\"><\/div>\n<\/div>\n<div class=\"x14z9mp xat24cr x1lziwak x1vvkbs xtlvy1s x126k92a\">\n<div dir=\"auto\">Asimismo, expres\u00f3 su orgullo por liderar al equipo de funcionarios, destacando su vocaci\u00f3n de servicio y compromiso. En su discurso, tambi\u00e9n rindi\u00f3 homenaje a los m\u00e1rtires de la instituci\u00f3n y a quienes han formado parte de su historia, reconociendo su aporte en la construcci\u00f3n de Carabineros.<\/div>\n<div dir=\"auto\"><\/div>\n<\/div>\n<div class=\"x14z9mp xat24cr x1lziwak x1vvkbs xtlvy1s x126k92a\">\n<div dir=\"auto\">Por su parte, el sargento segundo Miguel Salas Cort\u00e9s, encargado del \u00e1rea comunitaria del cuadrante 3, valor\u00f3 el trabajo conjunto con las juntas de vecinos del sector Altiplano Norte. \u201cHemos logrado una labor coordinada muy positiva. La comunidad nos entrega informaci\u00f3n valiosa y nosotros buscamos responder de la mejor manera\u201d, afirm\u00f3.<\/div>\n<div dir=\"auto\"><\/div>\n<\/div>\n<div class=\"x14z9mp xat24cr x1lziwak x1vvkbs xtlvy1s x126k92a\">\n<div dir=\"auto\">La jornada tambi\u00e9n cont\u00f3 con gestos simb\u00f3licos por parte de la comunidad. Estudiantes de la Escuela Ignacio Franco Gallo llegaron hasta el ret\u00e9n para entregar una torta en se\u00f1al de reconocimiento, destacando el apoyo constante de Carabineros hacia el establecimiento.<\/div>\n<div dir=\"auto\"><\/div>\n<\/div>\n<div class=\"x14z9mp xat24cr x1lziwak x1vvkbs xtlvy1s x126k92a\">\n<div dir=\"auto\">En tanto, la agrupaci\u00f3n de apoyo a Carabineros, activa desde 2019, particip\u00f3 entregando banderas chilenas como s\u00edmbolo patri\u00f3tico a distintas unidades de la provincia. Su representante, Mar\u00eda Cristina N\u00fa\u00f1ez, subray\u00f3 el rol social que cumplen junto a la instituci\u00f3n, colaborando en actividades con ni\u00f1os vulnerables y pr\u00f3ximamente con adultos mayores.<\/div>\n<div dir=\"auto\"><\/div>\n<\/div>\n<div class=\"x14z9mp xat24cr x1lziwak x1vvkbs xtlvy1s x126k92a\">\n<div dir=\"auto\">Las celebraciones se extender\u00e1n por distintas comunas del territorio, incluyendo recorridos por localidades como Alto del Carmen, Freirina y Huasco, reafirmando el compromiso de Carabineros con la seguridad y el trabajo comunitario en la regi\u00f3n.<\/div>\n<div dir=\"auto\"><\/div>\n<\/div>\n<div class=\"x14z9mp xat24cr x1lziwak x1vvkbs xtlvy1s x126k92a\">\n<div dir=\"auto\">La conmemoraci\u00f3n de este nuevo aniversario reafirma el v\u00ednculo entre Carabineros y la ciudadan\u00eda, en un contexto donde la colaboraci\u00f3n mutua sigue siendo clave para fortalecer la seguridad y la convivencia en los barrios.<\/div>\n<\/div>\n","protected":false},"excerpt":{"rendered":"<p>En una emotiva ceremonia realizada en el Ret\u00e9n Rosa Bugue\u00f1o, en la provincia del Huasco, Carabineros de Chile conmemor\u00f3 su aniversario n\u00famero 99, instancia marcada&hellip; <\/p>\n","protected":false},"author":5,"featured_media":101825,"comment_status":"closed","ping_status":"closed","sticky":false,"template":"","format":"standard","meta":{"footnotes":""},"categories":[38],"tags":[],"class_list":["post-101824","post","type-post","status-publish","format-standard","has-post-thumbnail","hentry","category-portada-regional"],"_links":{"self":[{"href":"https:\/\/www.radioamigavallenar.cl\/index.php?rest_route=\/wp\/v2\/posts\/101824","targetHints":{"allow":["GET"]}}],"collection":[{"href":"https:\/\/www.radioamigavallenar.cl\/index.php?rest_route=\/wp\/v2\/posts"}],"about":[{"href":"https:\/\/www.radioamigavallenar.cl\/index.php?rest_route=\/wp\/v2\/types\/post"}],"author":[{"embeddable":true,"href":"https:\/\/www.radioamigavallenar.cl\/index.php?rest_route=\/wp\/v2\/users\/5"}],"replies":[{"embeddable":true,"href":"https:\/\/www.radioamigavallenar.cl\/index.php?rest_route=%2Fwp%2Fv2%2Fcomments&post=101824"}],"version-history":[{"count":1,"href":"https:\/\/www.radioamigavallenar.cl\/index.php?rest_route=\/wp\/v2\/posts\/101824\/revisions"}],"predecessor-version":[{"id":101826,"href":"https:\/\/www.radioamigavallenar.cl\/index.php?rest_route=\/wp\/v2\/posts\/101824\/revisions\/101826"}],"wp:featuredmedia":[{"embeddable":true,"href":"https:\/\/www.radioamigavallenar.cl\/index.php?rest_route=\/wp\/v2\/media\/101825"}],"wp:attachment":[{"href":"https:\/\/www.radioamigavallenar.cl\/index.php?rest_route=%2Fwp%2Fv2%2Fmedia&parent=101824"}],"wp:term":[{"taxonomy":"category","embeddable":true,"href":"https:\/\/www.radioamigavallenar.cl\/index.php?rest_route=%2Fwp%2Fv2%2Fcategories&post=101824"},{"taxonomy":"post_tag","embeddable":true,"href":"https:\/\/www.radioamigavallenar.cl\/index.php?rest_route=%2Fwp%2Fv2%2Ftags&post=101824"}],"curies":[{"name":"wp","href":"https:\/\/api.w.org\/{rel}","templated":true}]}}