{"id":101821,"date":"2026-04-28T00:14:11","date_gmt":"2026-04-28T04:14:11","guid":{"rendered":"https:\/\/www.radioamigavallenar.cl\/?p=101821"},"modified":"2026-04-27T23:18:29","modified_gmt":"2026-04-28T03:18:29","slug":"ingeniero-formado-en-la-serena-destaca-en-la-nasa-cristian-cortes-fue-pieza-clave-en-mision-artemis-ii","status":"publish","type":"post","link":"https:\/\/www.radioamigavallenar.cl\/?p=101821","title":{"rendered":"Ingeniero formado en La Serena destaca en la NASA: Cristian Cort\u00e9s fue pieza clave en misi\u00f3n Artemis II"},"content":{"rendered":"<p data-start=\"223\" data-end=\"393\">\n<p data-start=\"395\" data-end=\"821\">El ingeniero civil mec\u00e1nico <span class=\"hover:entity-accent entity-underline inline cursor-pointer align-baseline\"><span class=\"whitespace-normal\">Cristian Cort\u00e9s Sim\u00f3n<\/span><\/span>, formado en la <span class=\"hover:entity-accent entity-underline inline cursor-pointer align-baseline\"><span class=\"whitespace-normal\">Universidad de La Serena<\/span><\/span>, se ha convertido en uno de los profesionales chilenos que ha participado directamente en el desarrollo del programa <span class=\"hover:entity-accent entity-underline inline cursor-pointer align-baseline\"><span class=\"whitespace-normal\">Artemis<\/span><\/span> de la <span class=\"hover:entity-accent entity-underline inline cursor-pointer align-baseline\"><span class=\"whitespace-normal\">NASA<\/span><\/span>, iniciativa que recientemente marc\u00f3 un hito con el \u00e9xito de la misi\u00f3n <span class=\"hover:entity-accent entity-underline inline cursor-pointer align-baseline\"><span class=\"whitespace-normal\">Artemis II<\/span><\/span>.<\/p>\n<p data-start=\"823\" data-end=\"1254\">La misi\u00f3n permiti\u00f3 el regreso de astronautas a la \u00f3rbita lunar por primera vez en m\u00e1s de medio siglo, reactivando el inter\u00e9s global por la exploraci\u00f3n espacial. En este contexto, el nombre de Cort\u00e9s ha cobrado relevancia en la Regi\u00f3n de Coquimbo, no solo por su rol en uno de los proyectos m\u00e1s ambiciosos de la ingenier\u00eda aeroespacial moderna, sino tambi\u00e9n por una trayectoria que comenz\u00f3 lejos de los grandes centros tecnol\u00f3gicos.<\/p>\n<h3 data-section-id=\"18lky33\" data-start=\"1256\" data-end=\"1316\"><span role=\"text\"><strong data-start=\"1260\" data-end=\"1316\">De La Serena al coraz\u00f3n de la industria aeroespacial<\/strong><\/span><\/h3>\n<p data-start=\"1318\" data-end=\"1617\">Titulado en 1999, Cort\u00e9s decidi\u00f3 viajar a Estados Unidos para perfeccionar su ingl\u00e9s, paso que terminar\u00eda marcando su carrera. Tras cursar un posgrado en la <span class=\"hover:entity-accent entity-underline inline cursor-pointer align-baseline\"><span class=\"whitespace-normal\">San Diego State University<\/span><\/span>, inici\u00f3 su camino laboral en el dise\u00f1o de asientos de avi\u00f3n, especializ\u00e1ndose en validaci\u00f3n estructural.<\/p>\n<p data-start=\"1619\" data-end=\"1923\">Con el tiempo, su experiencia lo llev\u00f3 a trabajar en la compa\u00f1\u00eda <span class=\"hover:entity-accent entity-underline inline cursor-pointer align-baseline\"><span class=\"whitespace-normal\">Boeing<\/span><\/span>, participando en programas de aeronaves como el 747, 767 y 787 Dreamliner. Posteriormente, dio el salto al sector espacial, integr\u00e1ndose a proyectos como Dream Chaser y, m\u00e1s tarde, al programa Artemis.<\/p>\n<h3 data-section-id=\"1cq3mp1\" data-start=\"1925\" data-end=\"1968\"><span role=\"text\"><strong data-start=\"1929\" data-end=\"1968\">Un rol clave en misiones espaciales<\/strong><\/span><\/h3>\n<p data-start=\"1970\" data-end=\"2344\">Actualmente, Cort\u00e9s se desempe\u00f1a como ingeniero estructural, enfoc\u00e1ndose en el dise\u00f1o y verificaci\u00f3n de componentes sometidos a cargas extremas. Su trabajo consiste en asegurar que cada pieza resista las exigencias del vuelo espacial, utilizando herramientas avanzadas como el m\u00e9todo de elementos finitos para simular el comportamiento de materiales en condiciones cr\u00edticas.<\/p>\n<p data-start=\"2346\" data-end=\"2470\">Aunque su labor se desarrolla lejos de las c\u00e1maras, es fundamental para garantizar la seguridad y viabilidad de cada misi\u00f3n.<\/p>\n<p data-start=\"2472\" data-end=\"2706\">Hoy, el profesional chileno contin\u00faa aportando al programa, siendo parte del desarrollo de <span class=\"hover:entity-accent entity-underline inline cursor-pointer align-baseline\"><span class=\"whitespace-normal\">Artemis III<\/span><\/span>, que busca establecer una presencia humana sostenida en la Luna y proyectar futuras expediciones a Marte.<\/p>\n<h3 data-section-id=\"tpi81p\" data-start=\"2708\" data-end=\"2743\"><span role=\"text\"><strong data-start=\"2712\" data-end=\"2743\">Educaci\u00f3n y talento chileno<\/strong><\/span><\/h3>\n<p data-start=\"2745\" data-end=\"2925\">El \u00e9xito de Artemis II tambi\u00e9n tuvo un significado personal para Cort\u00e9s, quien pudo presenciar el lanzamiento junto a su hijo, en uno de los momentos m\u00e1s importantes de su carrera.<\/p>\n<p data-start=\"2927\" data-end=\"3239\">Pese a llevar m\u00e1s de dos d\u00e9cadas fuera del pa\u00eds, mantiene un fuerte v\u00ednculo con Chile y destaca la calidad de su formaci\u00f3n acad\u00e9mica. A su juicio, los profesionales chilenos cuentan con una base s\u00f3lida para competir a nivel internacional, aunque advierte que el dominio del ingl\u00e9s sigue siendo una barrera clave.<\/p>\n<p data-start=\"2927\" data-end=\"3239\">Fuente:el dia 00<\/p>\n","protected":false},"excerpt":{"rendered":"<p>El ingeniero civil mec\u00e1nico Cristian Cort\u00e9s Sim\u00f3n, formado en la Universidad de La Serena, se ha convertido en uno de los profesionales chilenos que ha&hellip; <\/p>\n","protected":false},"author":5,"featured_media":101822,"comment_status":"closed","ping_status":"closed","sticky":false,"template":"","format":"standard","meta":{"footnotes":""},"categories":[38],"tags":[],"class_list":["post-101821","post","type-post","status-publish","format-standard","has-post-thumbnail","hentry","category-portada-regional"],"_links":{"self":[{"href":"https:\/\/www.radioamigavallenar.cl\/index.php?rest_route=\/wp\/v2\/posts\/101821","targetHints":{"allow":["GET"]}}],"collection":[{"href":"https:\/\/www.radioamigavallenar.cl\/index.php?rest_route=\/wp\/v2\/posts"}],"about":[{"href":"https:\/\/www.radioamigavallenar.cl\/index.php?rest_route=\/wp\/v2\/types\/post"}],"author":[{"embeddable":true,"href":"https:\/\/www.radioamigavallenar.cl\/index.php?rest_route=\/wp\/v2\/users\/5"}],"replies":[{"embeddable":true,"href":"https:\/\/www.radioamigavallenar.cl\/index.php?rest_route=%2Fwp%2Fv2%2Fcomments&post=101821"}],"version-history":[{"count":1,"href":"https:\/\/www.radioamigavallenar.cl\/index.php?rest_route=\/wp\/v2\/posts\/101821\/revisions"}],"predecessor-version":[{"id":101823,"href":"https:\/\/www.radioamigavallenar.cl\/index.php?rest_route=\/wp\/v2\/posts\/101821\/revisions\/101823"}],"wp:featuredmedia":[{"embeddable":true,"href":"https:\/\/www.radioamigavallenar.cl\/index.php?rest_route=\/wp\/v2\/media\/101822"}],"wp:attachment":[{"href":"https:\/\/www.radioamigavallenar.cl\/index.php?rest_route=%2Fwp%2Fv2%2Fmedia&parent=101821"}],"wp:term":[{"taxonomy":"category","embeddable":true,"href":"https:\/\/www.radioamigavallenar.cl\/index.php?rest_route=%2Fwp%2Fv2%2Fcategories&post=101821"},{"taxonomy":"post_tag","embeddable":true,"href":"https:\/\/www.radioamigavallenar.cl\/index.php?rest_route=%2Fwp%2Fv2%2Ftags&post=101821"}],"curies":[{"name":"wp","href":"https:\/\/api.w.org\/{rel}","templated":true}]}}