{"id":101815,"date":"2026-04-28T00:01:49","date_gmt":"2026-04-28T04:01:49","guid":{"rendered":"https:\/\/www.radioamigavallenar.cl\/?p=101815"},"modified":"2026-04-27T23:04:56","modified_gmt":"2026-04-28T03:04:56","slug":"guitarras-al-puerto-2026-inicia-una-nueva-temporada-con-despliegue-de-mas-de-15-artistas-en-escenarios-de-caldera","status":"publish","type":"post","link":"https:\/\/www.radioamigavallenar.cl\/?p=101815","title":{"rendered":"Guitarras al Puerto 2026 inicia una nueva temporada con despliegue de m\u00e1s de 15 artistas en escenarios de Caldera"},"content":{"rendered":"<p><span style=\"font-weight: 400;\">Con una s\u00f3lida trayectoria y una propuesta que combina excelencia art\u00edstica y vinculaci\u00f3n territorial, este s\u00e1bado 2 de mayo comienza la temporada 2026 del Festival Guitarras al Puerto, uno de los encuentros musicales m\u00e1s relevantes del norte de Chile. La iniciativa reunir\u00e1 a m\u00e1s de 15 m\u00fasicos y agrupaciones nacionales, quienes protagonizar\u00e1n una nutrida programaci\u00f3n que se extender\u00e1 durante mayo y junio en la comuna de Caldera.<\/span><\/p>\n<p>&nbsp;<\/p>\n<p><span style=\"font-weight: 400;\">El puntapi\u00e9 inicial se realizar\u00e1 en la Biblioteca P\u00fablica Municipal de Caldera a las 19:00 horas, con un concierto inaugural a cargo de Jos\u00e9 Antonio Escobar, Isabel Almeyda y la banda The Cesantes, quienes dar\u00e1n vida a una jornada que promete convocar a p\u00fablicos diversos en torno a la guitarra y sus m\u00faltiples expresiones.<\/span><\/p>\n<p>&nbsp;<\/p>\n<p><span style=\"font-weight: 400;\">Durante el desarrollo del festival, las actividades se desplegar\u00e1n en distintos espacios culturales y educativos de la comuna, como el Colegio Parroquial Padre Negro, el Espacio Cultural Artepin, la Escuela Manuel Orella Ech\u00e1nez, la Escuela Byron Gigoux James, el Centro de Desarrollo Cultural de la Universidad de Atacama (UDA) y el Espacio Club Restaurant. En estos escenarios no solo se realizar\u00e1n conciertos, sino tambi\u00e9n cl\u00ednicas musicales, talleres y mediaciones art\u00edsticas, fortaleciendo el v\u00ednculo entre los artistas y la comunidad.<\/span><\/p>\n<p><span style=\"font-weight: 400;\">La programaci\u00f3n continuar\u00e1 el 15 y 16 de mayo con presentaciones del D\u00fao Bianchi-Gonz\u00e1lez, Boler\u00edstica y Enrique Mar\u00edn, mientras que el 29 y 30 de mayo ser\u00e1 el turno de Aguaturbia junto a Christian G\u00e1lvez, adem\u00e1s de Juan Antonio S\u00e1nchez y Carlos Grangey. En junio, el festival cerrar\u00e1 su ciclo con conciertos el 12 y 13, donde se presentar\u00e1n el Claudio Cordero Tr\u00edo, Seba Arriagada y Rodrigo Espinoza, consolidando una parrilla diversa que cruza distintos estilos y generaciones.<\/span><\/p>\n<p><span style=\"font-weight: 400;\">Manuel Neyra Godoy, director y fundador del festival, valora el inicio de esta nueva edici\u00f3n se\u00f1alando que \u201cGuitarras al Puerto es mucho m\u00e1s que un ciclo de conciertos; es un espacio de encuentro entre m\u00fasicos y comunidades, donde la guitarra se transforma en un lenguaje com\u00fan. Nos alegra iniciar una nueva temporada con una programaci\u00f3n robusta, que no solo destaca por su calidad art\u00edstica, sino tambi\u00e9n por su compromiso formativo y territorial\u201d.<\/span><\/p>\n<p><span style=\"font-weight: 400;\">Por su parte, el Seremi de las Culturas, las Artes y el Patrimonio de Atacama, Fernando Flores Fredes, destac\u00f3 la importancia de este tipo de iniciativas para la regi\u00f3n. \u201cEste festival es un ejemplo de c\u00f3mo la pol\u00edtica p\u00fablica cultural permite descentralizar el acceso al arte y fortalecer la creaci\u00f3n local. Guitarras al Puerto ha demostrado continuidad, impacto y una profunda conexi\u00f3n con la comunidad, integrando formaci\u00f3n y circulaci\u00f3n art\u00edstica en distintos espacios\u201d, se\u00f1al\u00f3 la autoridad.<\/span><\/p>\n<p><span style=\"font-weight: 400;\">Organizado por la Agrupaci\u00f3n Cultural Guitarras al Puerto y financiado por el Fondo para el Fomento de la M\u00fasica Nacional, el festival mantiene todas sus actividades con entrada liberada, invitando a la comunidad a ser parte de esta experiencia que, a\u00f1o a a\u00f1o, posiciona a Atacama como un punto de encuentro para la m\u00fasica y la guitarra.<\/span><\/p>\n<p><span style=\"font-weight: 400;\">+De esta manera, Caldera se prepara nuevamente para recibir a artistas, cultores y p\u00fablicos en torno a una programaci\u00f3n que celebra la m\u00fasica en vivo, el aprendizaje y la identidad cultural del territorio.<\/span><\/p>\n","protected":false},"excerpt":{"rendered":"<p>Con una s\u00f3lida trayectoria y una propuesta que combina excelencia art\u00edstica y vinculaci\u00f3n territorial, este s\u00e1bado 2 de mayo comienza la temporada 2026 del Festival&hellip; <\/p>\n","protected":false},"author":5,"featured_media":101816,"comment_status":"closed","ping_status":"closed","sticky":false,"template":"","format":"standard","meta":{"footnotes":""},"categories":[7],"tags":[],"class_list":["post-101815","post","type-post","status-publish","format-standard","has-post-thumbnail","hentry","category-atacama"],"_links":{"self":[{"href":"https:\/\/www.radioamigavallenar.cl\/index.php?rest_route=\/wp\/v2\/posts\/101815","targetHints":{"allow":["GET"]}}],"collection":[{"href":"https:\/\/www.radioamigavallenar.cl\/index.php?rest_route=\/wp\/v2\/posts"}],"about":[{"href":"https:\/\/www.radioamigavallenar.cl\/index.php?rest_route=\/wp\/v2\/types\/post"}],"author":[{"embeddable":true,"href":"https:\/\/www.radioamigavallenar.cl\/index.php?rest_route=\/wp\/v2\/users\/5"}],"replies":[{"embeddable":true,"href":"https:\/\/www.radioamigavallenar.cl\/index.php?rest_route=%2Fwp%2Fv2%2Fcomments&post=101815"}],"version-history":[{"count":1,"href":"https:\/\/www.radioamigavallenar.cl\/index.php?rest_route=\/wp\/v2\/posts\/101815\/revisions"}],"predecessor-version":[{"id":101817,"href":"https:\/\/www.radioamigavallenar.cl\/index.php?rest_route=\/wp\/v2\/posts\/101815\/revisions\/101817"}],"wp:featuredmedia":[{"embeddable":true,"href":"https:\/\/www.radioamigavallenar.cl\/index.php?rest_route=\/wp\/v2\/media\/101816"}],"wp:attachment":[{"href":"https:\/\/www.radioamigavallenar.cl\/index.php?rest_route=%2Fwp%2Fv2%2Fmedia&parent=101815"}],"wp:term":[{"taxonomy":"category","embeddable":true,"href":"https:\/\/www.radioamigavallenar.cl\/index.php?rest_route=%2Fwp%2Fv2%2Fcategories&post=101815"},{"taxonomy":"post_tag","embeddable":true,"href":"https:\/\/www.radioamigavallenar.cl\/index.php?rest_route=%2Fwp%2Fv2%2Ftags&post=101815"}],"curies":[{"name":"wp","href":"https:\/\/api.w.org\/{rel}","templated":true}]}}