{"id":101811,"date":"2026-04-28T00:05:25","date_gmt":"2026-04-28T04:05:25","guid":{"rendered":"https:\/\/www.radioamigavallenar.cl\/?p=101811"},"modified":"2026-04-28T10:17:49","modified_gmt":"2026-04-28T14:17:49","slug":"15-academicas-y-funcionarias-de-la-universidad-de-atacama-participaron-de-visionarias","status":"publish","type":"post","link":"https:\/\/www.radioamigavallenar.cl\/?p=101811","title":{"rendered":"15 acad\u00e9micas y funcionarias de la Universidad de Atacama participaron de \u201cVisionarias\u201d"},"content":{"rendered":"<p dir=\"ltr\">La instancia se ejecut\u00f3 como actividad sat\u00e9lite de la Feria de Innovaci\u00f3n UDA. Se trabaj\u00f3 en cuatro proyectos que fueron presentados ante la comunidad universitaria.<\/p>\n<p dir=\"ltr\">Mediante el uso de metodolog\u00edas innovadoras, herramientas de inteligencia artificial y con la participaci\u00f3n de 15 acad\u00e9micas y funcionarias de la Universidad de Atacama (UDA) se desarroll\u00f3 el Programa \u201cVisionarias\u201d: un laboratorio intensivo enfocado en potenciar el liderazgo femenino en el \u00e1mbito de la investigaci\u00f3n, desarrollo, innovaci\u00f3n y emprendimiento (I+D+i+e).<\/p>\n<p dir=\"ltr\">Este hito fue liderado por la Vicerrector\u00eda de Investigaci\u00f3n y Posgrado, a trav\u00e9s de su Direcci\u00f3n de Innovaci\u00f3n, Desarrollo y Transferencia de la Universidad de Atacama en colaboraci\u00f3n del HUB i+e y con el apoyo de FIUDA 2030. Una experiencia formativa que busc\u00f3 durante dos intensas jornadas a trav\u00e9s de la metodolog\u00eda Design Thinking, transformar desaf\u00edos territoriales en propuestas concretas con proyecci\u00f3n acad\u00e9mica y profesional, integrando el talento humano con el potencial de la tecnolog\u00eda.<\/p>\n<p dir=\"ltr\">El programa surge a partir del diagn\u00f3stico de brechas de g\u00e9nero en I+D+i+e de la instituci\u00f3n (2024), el cual evidenci\u00f3 que solo un 19,6% de las mujeres ha liderado postulaciones a proyectos, en comparaci\u00f3n con un 42,2% de los hombres. Por ello, Mar\u00eda Jos\u00e9 Gallardo, Vicerrectora de Investigaci\u00f3n y Posgrado de la UDA, destac\u00f3 que \u201cVisionarias\u201d: \u201cNace tambi\u00e9n por una brecha que vemos que hay entre la academia de nuestra universidad, donde las acad\u00e9micas, las investigadoras, tienen menos productividad cient\u00edfica y participan menos de proyectos de investigaci\u00f3n. Creemos firmemente que todas tienen esas capacidades, por tanto, generamos esta instancia para motivarlas, darles herramientas y tambi\u00e9n para potenciar y ver que en un d\u00eda y medio lograron hacer tremendos proyectos, prototipos y presentaciones en el \u00e1rea de salud, del turismo, del cuidado. Por tanto, esta es una instancia que esperamos que se repita, pero tambi\u00e9n esperamos que las acad\u00e9micas que participaron puedan seguir trabajando en lo que plantearon y so\u00f1aron\u201d.<\/p>\n<p dir=\"ltr\">La instancia se desarroll\u00f3 en el marco de la Primera Feria de Innovaci\u00f3n UDA que durante dos d\u00edas present\u00f3 Charlas magistrales, stands tecnol\u00f3gicos y reconoci\u00f3 el talento de la comunidad UDA. Con esto, Carolina Blanco Zepeda, Directora de Innovaci\u00f3n, Desarrollo y Transferencia expus\u00f3 que \u201ccuando est\u00e1bamos construyendo esta feria, nos dimos cuenta que los stands de tecnolog\u00eda estaban cubiertos netamente por acad\u00e9micos, y ten\u00edamos que hacer algo para que las acad\u00e9micas que est\u00e1n en la Universidad y sabemos que tienen mucho potencial, se sumen a este motor de la innovaci\u00f3n. Entonces, junto con el HUB de Innovaci\u00f3n y Emprendimiento de la Facultad de Ingenier\u00eda, ideamos este programa que nos permite ir entregando las herramientas a las acad\u00e9micas, para que ellas puedan despu\u00e9s ir construyendo su proyecto de innovaci\u00f3n con un sentido de mercado, un sentido de propuesta de valor, complement\u00e1ndolo desde su punto de vista de la l\u00ednea de investigaci\u00f3n cient\u00edfica\u201d.<\/p>\n<p dir=\"ltr\">Es as\u00ed, como durante las jornadas de trabajo colaborativo las participantes se integraron en equipos multidisciplinarios para desarrollar una ruta completa de innovaci\u00f3n. La experiencia tambi\u00e9n incorpor\u00f3 el uso de herramientas de inteligencia artificial, como ChatGPT, Google AI Studio y Gamma, facilitando procesos de creaci\u00f3n, prototipado y comunicaci\u00f3n de ideas, fortaleciendo as\u00ed las competencias digitales de las acad\u00e9micas.<\/p>\n<p dir=\"ltr\">Sebasti\u00e1n Montalban, Encargado del HUB de Innovaci\u00f3n y Emprendimiento detall\u00f3 que en las actividades \u201ctrabajamos un d\u00eda y medio para la confecci\u00f3n de un proyecto funcional. Esa es la gracia de este \u201cVisionarias\u201d que pretendemos que sea una marca oficial de un programa intensivo que permita replicarlo en distintas dependencias de la Universidad, incluso tenemos proyecciones de que pueda ser aplicado de manera externa, porque habl\u00e1bamos con algunas profesoras que tienen algunos acercamientos con liceos, con colegios, que perfectamente puede ser aplicado ah\u00ed\u201d.<\/p>\n<p dir=\"ltr\">Una de las protagonistas de este Proyecto fue Pia Valdes, acad\u00e9mica del Departamento de Psicolog\u00eda quien coment\u00f3 que \u201cla experiencia que hemos vivenciado en estos d\u00edas en \u201cVisionarias\u201d ha sido s\u00faper interesante de aprendizaje continuo y constante, adem\u00e1s de colaborativo aprendiendo con colegas de otras unidades de la Universidad, lo que nos permite llevar los conocimientos adquiridos con las nuevas tecnolog\u00edas y lo podemos realizar en nuestras clases, en los proyectos de investigaci\u00f3n y tambi\u00e9n en lo que se realiza en pregrado con las tesis e investigaciones con los estudiantes\u201d.<\/p>\n<p dir=\"ltr\">Mientras que Angela Silva, Encargada de Rutas Formativas de PAR Explora Atacama, consider\u00f3 que la oportunidad de participar de la instancia \u201cha sido una experiencia maravillosa poder participar en esta actividad. Lo m\u00e1s importante o lo principal objetivo de este taller es aprender metodolog\u00eda, que tiene que ver con la innovaci\u00f3n, es aprender sobre herramientas tecnol\u00f3gicas que nos sirven de manera transversal, pero principalmente es el espacio y la instancia para trabajar colaborativamente y darnos el valor para atrevernos a generar proyectos dentro de la universidad de manera colaborativa\u201d.<\/p>\n<p dir=\"ltr\">De esta forma, \u201cVisionarias\u201d se posiciona como una instancia que busca fortalecer el liderazgo femenino y generar espacios de confianza para impulsar nuevas ideas. Como resultado, y en la Feria de Innovaci\u00f3n, cada participante formado para esta instancia present\u00f3 una propuesta desarrollada en equipo, incorporando nuevas herramientas para pensar, estructurar y comunicar iniciativas con mayor claridad y pertinencia, contribuyendo as\u00ed al fortalecimiento del ecosistema de innovaci\u00f3n con enfoque de g\u00e9nero en la regi\u00f3n de Atacama.<\/p>\n","protected":false},"excerpt":{"rendered":"<p>La instancia se ejecut\u00f3 como actividad sat\u00e9lite de la Feria de Innovaci\u00f3n UDA. Se trabaj\u00f3 en cuatro proyectos que fueron presentados ante la comunidad universitaria.&hellip; <\/p>\n","protected":false},"author":5,"featured_media":101813,"comment_status":"closed","ping_status":"closed","sticky":false,"template":"","format":"standard","meta":{"footnotes":""},"categories":[7],"tags":[],"class_list":["post-101811","post","type-post","status-publish","format-standard","has-post-thumbnail","hentry","category-atacama"],"_links":{"self":[{"href":"https:\/\/www.radioamigavallenar.cl\/index.php?rest_route=\/wp\/v2\/posts\/101811","targetHints":{"allow":["GET"]}}],"collection":[{"href":"https:\/\/www.radioamigavallenar.cl\/index.php?rest_route=\/wp\/v2\/posts"}],"about":[{"href":"https:\/\/www.radioamigavallenar.cl\/index.php?rest_route=\/wp\/v2\/types\/post"}],"author":[{"embeddable":true,"href":"https:\/\/www.radioamigavallenar.cl\/index.php?rest_route=\/wp\/v2\/users\/5"}],"replies":[{"embeddable":true,"href":"https:\/\/www.radioamigavallenar.cl\/index.php?rest_route=%2Fwp%2Fv2%2Fcomments&post=101811"}],"version-history":[{"count":2,"href":"https:\/\/www.radioamigavallenar.cl\/index.php?rest_route=\/wp\/v2\/posts\/101811\/revisions"}],"predecessor-version":[{"id":101851,"href":"https:\/\/www.radioamigavallenar.cl\/index.php?rest_route=\/wp\/v2\/posts\/101811\/revisions\/101851"}],"wp:featuredmedia":[{"embeddable":true,"href":"https:\/\/www.radioamigavallenar.cl\/index.php?rest_route=\/wp\/v2\/media\/101813"}],"wp:attachment":[{"href":"https:\/\/www.radioamigavallenar.cl\/index.php?rest_route=%2Fwp%2Fv2%2Fmedia&parent=101811"}],"wp:term":[{"taxonomy":"category","embeddable":true,"href":"https:\/\/www.radioamigavallenar.cl\/index.php?rest_route=%2Fwp%2Fv2%2Fcategories&post=101811"},{"taxonomy":"post_tag","embeddable":true,"href":"https:\/\/www.radioamigavallenar.cl\/index.php?rest_route=%2Fwp%2Fv2%2Ftags&post=101811"}],"curies":[{"name":"wp","href":"https:\/\/api.w.org\/{rel}","templated":true}]}}