{"id":101808,"date":"2026-04-28T00:04:07","date_gmt":"2026-04-28T04:04:07","guid":{"rendered":"https:\/\/www.radioamigavallenar.cl\/?p=101808"},"modified":"2026-04-27T19:05:22","modified_gmt":"2026-04-27T23:05:22","slug":"gobierno-regional-de-atacama-reafirma-su-compromiso-con-carabineros-mediante-historica-inversion-en-equipamiento-e-infraestructura","status":"publish","type":"post","link":"https:\/\/www.radioamigavallenar.cl\/?p=101808","title":{"rendered":"Gobierno Regional de Atacama reafirma su compromiso con Carabineros mediante hist\u00f3rica inversi\u00f3n en equipamiento e infraestructura"},"content":{"rendered":"<p>&nbsp;<\/p>\n<p><span style=\"font-weight: 400;\">En una ceremonia marcada por un desfile en la Plaza de Armas de Copiap\u00f3, se conmemoraron los 99 a\u00f1os de Carabineros de Chile. En este marco, el gobernador regional de Atacama, Miguel Vargas Correa, destac\u00f3 el profundo v\u00ednculo de la ciudadan\u00eda con la instituci\u00f3n y ratific\u00f3 el compromiso del Gobierno Regional (GORE) a trav\u00e9s de acciones concretas y proyectos emblem\u00e1ticos que buscan fortalecer la seguridad y la respuesta ante emergencias en la zona.<\/span><\/p>\n<p><span style=\"font-weight: 400;\">Durante la instancia, la m\u00e1xima autoridad regional enfatiz\u00f3 que el reconocimiento p\u00fablico hacia la instituci\u00f3n nace del compromiso permanente de los efectivos en cada rinc\u00f3n del pa\u00eds. \u00abEs un reconocimiento que hace todo el pueblo de Chile al trabajo permanente, al compromiso, al estar presente cada vez que alguien requiera de la ayuda\u00bb, se\u00f1al\u00f3 Vargas, enviando adem\u00e1s un mensaje de solidaridad a las familias de los uniformados fallecidos en acto de servicio.<\/span><\/p>\n<p><span style=\"font-weight: 400;\">En ese contexto, el gobernador detall\u00f3 la cartera de proyectos financiados por el GORE Atacama que ya se encuentran en marcha o pr\u00f3ximos a ejecutarse, destacando la reciente entrega de un georradar destinado a la b\u00fasqueda especializada de personas para fortalecer el \u00e1rea de investigaci\u00f3n criminal\u00edstica, junto con el compromiso de entregar veh\u00edculos de mayor equipamiento para optimizar las diversas tareas operativas de la instituci\u00f3n.\u00a0<\/span><\/p>\n<p><span style=\"font-weight: 400;\">En materia de infraestructura, tras el financiamiento de la Subcomisar\u00eda de Pedro Le\u00f3n Gallo, el Gobierno Regional proyecta el inicio de obras para la Comisar\u00eda de Huasco y el apoyo a la construcci\u00f3n de retenes en la comuna de Vallenar, espec\u00edficamente en los sectores de Rosas Bugue\u00f1o y Torreblanca.<\/span><\/p>\n<p><span style=\"font-weight: 400;\">Para el presente a\u00f1o, la gesti\u00f3n regional se ha fijado dos hitos estrat\u00e9gicos para el desarrollo de la instituci\u00f3n en Atacama. El primero es la creaci\u00f3n de una Escuela de Formaci\u00f3n de Carabineros en la regi\u00f3n, proyecto para el cual se trabaja activamente con la instituci\u00f3n en la b\u00fasqueda del terreno id\u00f3neo que permita desarrollar esta iniciativa de buena manera.<\/span><\/p>\n<p><span style=\"font-weight: 400;\">El segundo gran anuncio fue el avance en la adquisici\u00f3n de un helic\u00f3ptero institucional. \u00abEsperamos iniciar en el presente a\u00f1o el proceso de compra. Vamos a hacer con toda seguridad una primera transferencia de recursos para que se pueda iniciar el proceso de licitaci\u00f3n de esta aeronave\u00bb, afirm\u00f3 el Gobernador. Vargas subray\u00f3 que esta aeronave no solo ser\u00e1 clave para las tareas de seguridad, sino tambi\u00e9n para enfrentar emergencias y brindar auxilio a personas que quedan aisladas, evitando que pongan en riesgo su vida.<\/span><\/p>\n<p><span style=\"font-weight: 400;\">\u00abEs la mejor manera de brindar apoyo a una instituci\u00f3n tan querida y tan valorada en nuestro pa\u00eds\u00bb, concluy\u00f3 la autoridad, reafirmando que la seguridad ciudadana es el eje central de su administraci\u00f3n.<\/span><\/p>\n<p>&nbsp;<\/p>\n","protected":false},"excerpt":{"rendered":"<p>&nbsp; En una ceremonia marcada por un desfile en la Plaza de Armas de Copiap\u00f3, se conmemoraron los 99 a\u00f1os de Carabineros de Chile. En&hellip; <\/p>\n","protected":false},"author":5,"featured_media":101809,"comment_status":"closed","ping_status":"closed","sticky":false,"template":"","format":"standard","meta":{"footnotes":""},"categories":[38],"tags":[],"class_list":["post-101808","post","type-post","status-publish","format-standard","has-post-thumbnail","hentry","category-portada-regional"],"_links":{"self":[{"href":"https:\/\/www.radioamigavallenar.cl\/index.php?rest_route=\/wp\/v2\/posts\/101808","targetHints":{"allow":["GET"]}}],"collection":[{"href":"https:\/\/www.radioamigavallenar.cl\/index.php?rest_route=\/wp\/v2\/posts"}],"about":[{"href":"https:\/\/www.radioamigavallenar.cl\/index.php?rest_route=\/wp\/v2\/types\/post"}],"author":[{"embeddable":true,"href":"https:\/\/www.radioamigavallenar.cl\/index.php?rest_route=\/wp\/v2\/users\/5"}],"replies":[{"embeddable":true,"href":"https:\/\/www.radioamigavallenar.cl\/index.php?rest_route=%2Fwp%2Fv2%2Fcomments&post=101808"}],"version-history":[{"count":1,"href":"https:\/\/www.radioamigavallenar.cl\/index.php?rest_route=\/wp\/v2\/posts\/101808\/revisions"}],"predecessor-version":[{"id":101810,"href":"https:\/\/www.radioamigavallenar.cl\/index.php?rest_route=\/wp\/v2\/posts\/101808\/revisions\/101810"}],"wp:featuredmedia":[{"embeddable":true,"href":"https:\/\/www.radioamigavallenar.cl\/index.php?rest_route=\/wp\/v2\/media\/101809"}],"wp:attachment":[{"href":"https:\/\/www.radioamigavallenar.cl\/index.php?rest_route=%2Fwp%2Fv2%2Fmedia&parent=101808"}],"wp:term":[{"taxonomy":"category","embeddable":true,"href":"https:\/\/www.radioamigavallenar.cl\/index.php?rest_route=%2Fwp%2Fv2%2Fcategories&post=101808"},{"taxonomy":"post_tag","embeddable":true,"href":"https:\/\/www.radioamigavallenar.cl\/index.php?rest_route=%2Fwp%2Fv2%2Ftags&post=101808"}],"curies":[{"name":"wp","href":"https:\/\/api.w.org\/{rel}","templated":true}]}}