{"id":101805,"date":"2026-04-28T00:54:41","date_gmt":"2026-04-28T04:54:41","guid":{"rendered":"https:\/\/www.radioamigavallenar.cl\/?p=101805"},"modified":"2026-04-27T19:01:54","modified_gmt":"2026-04-27T23:01:54","slug":"exitosa-2a-feria-del-libro-y-papeleria-convoco-a-la-comunidad-en-el-mercado-municipal-de-vallenar","status":"publish","type":"post","link":"https:\/\/www.radioamigavallenar.cl\/?p=101805","title":{"rendered":"Exitosa 2\u00aa Feria del Libro y Papeler\u00eda convoc\u00f3 a la comunidad en el Mercado Municipal de Vallenar"},"content":{"rendered":"<p data-start=\"113\" data-end=\"202\">\n<p data-start=\"204\" data-end=\"376\"><strong data-start=\"204\" data-end=\"376\">La actividad reuni\u00f3 a vecinos y vecinas en torno a la lectura, la creatividad y el fomento cultural, consolid\u00e1ndose como un espacio de encuentro ciudadano en la comuna.<\/strong><\/p>\n<p data-start=\"378\" data-end=\"636\">Con una positiva participaci\u00f3n de la comunidad se desarroll\u00f3 la 2\u00aa Feria del Libro y Papeler\u00eda en el Mercado Municipal, instancia que congreg\u00f3 a familias, estudiantes y amantes de la lectura en una jornada marcada por la creatividad y el acceso a la cultura.<\/p>\n<p data-start=\"638\" data-end=\"976\">La actividad cont\u00f3 con la presencia de la coordinadora del Departamento de Cultura y Patrimonio, <span class=\"hover:entity-accent entity-underline inline cursor-pointer align-baseline\"><span class=\"whitespace-normal\">Carolina Armenakis<\/span><\/span>, junto al diputado <span class=\"hover:entity-accent entity-underline inline cursor-pointer align-baseline\"><span class=\"whitespace-normal\">Jaime Mulet<\/span><\/span>, quienes destacaron la relevancia de este tipo de iniciativas para fomentar la lectura y fortalecer los espacios de encuentro entre la ciudadan\u00eda.<\/p>\n<p data-start=\"978\" data-end=\"1203\">Durante la jornada, los asistentes pudieron recorrer diversos stands de libros y art\u00edculos de papeler\u00eda, promoviendo no solo el h\u00e1bito lector, sino tambi\u00e9n el desarrollo de expresiones art\u00edsticas y educativas en la comunidad.<\/p>\n<p data-start=\"1205\" data-end=\"1411\">Desde el municipio valoraron el entusiasmo de los participantes y reafirmaron su compromiso de seguir impulsando actividades que acerquen el arte, la lectura y el conocimiento a todos los vecinos y vecinas.<\/p>\n<p data-start=\"1413\" data-end=\"1655\" data-is-last-node=\"\" data-is-only-node=\"\">\n","protected":false},"excerpt":{"rendered":"<p>La actividad reuni\u00f3 a vecinos y vecinas en torno a la lectura, la creatividad y el fomento cultural, consolid\u00e1ndose como un espacio de encuentro ciudadano&hellip; <\/p>\n","protected":false},"author":5,"featured_media":101806,"comment_status":"closed","ping_status":"closed","sticky":false,"template":"","format":"standard","meta":{"footnotes":""},"categories":[38],"tags":[],"class_list":["post-101805","post","type-post","status-publish","format-standard","has-post-thumbnail","hentry","category-portada-regional"],"_links":{"self":[{"href":"https:\/\/www.radioamigavallenar.cl\/index.php?rest_route=\/wp\/v2\/posts\/101805","targetHints":{"allow":["GET"]}}],"collection":[{"href":"https:\/\/www.radioamigavallenar.cl\/index.php?rest_route=\/wp\/v2\/posts"}],"about":[{"href":"https:\/\/www.radioamigavallenar.cl\/index.php?rest_route=\/wp\/v2\/types\/post"}],"author":[{"embeddable":true,"href":"https:\/\/www.radioamigavallenar.cl\/index.php?rest_route=\/wp\/v2\/users\/5"}],"replies":[{"embeddable":true,"href":"https:\/\/www.radioamigavallenar.cl\/index.php?rest_route=%2Fwp%2Fv2%2Fcomments&post=101805"}],"version-history":[{"count":1,"href":"https:\/\/www.radioamigavallenar.cl\/index.php?rest_route=\/wp\/v2\/posts\/101805\/revisions"}],"predecessor-version":[{"id":101807,"href":"https:\/\/www.radioamigavallenar.cl\/index.php?rest_route=\/wp\/v2\/posts\/101805\/revisions\/101807"}],"wp:featuredmedia":[{"embeddable":true,"href":"https:\/\/www.radioamigavallenar.cl\/index.php?rest_route=\/wp\/v2\/media\/101806"}],"wp:attachment":[{"href":"https:\/\/www.radioamigavallenar.cl\/index.php?rest_route=%2Fwp%2Fv2%2Fmedia&parent=101805"}],"wp:term":[{"taxonomy":"category","embeddable":true,"href":"https:\/\/www.radioamigavallenar.cl\/index.php?rest_route=%2Fwp%2Fv2%2Fcategories&post=101805"},{"taxonomy":"post_tag","embeddable":true,"href":"https:\/\/www.radioamigavallenar.cl\/index.php?rest_route=%2Fwp%2Fv2%2Ftags&post=101805"}],"curies":[{"name":"wp","href":"https:\/\/api.w.org\/{rel}","templated":true}]}}