{"id":101801,"date":"2026-04-28T00:45:55","date_gmt":"2026-04-28T04:45:55","guid":{"rendered":"https:\/\/www.radioamigavallenar.cl\/?p=101801"},"modified":"2026-04-28T10:17:36","modified_gmt":"2026-04-28T14:17:36","slug":"seremi-de-educacion-de-atacama-se-reune-con-alcalde-de-freirina-para-abordar-desafios-educativos-y-seguridad-escolar","status":"publish","type":"post","link":"https:\/\/www.radioamigavallenar.cl\/?p=101801","title":{"rendered":"Seremi de Educaci\u00f3n de Atacama se re\u00fane con alcalde de Freirina para abordar desaf\u00edos educativos y seguridad escolar"},"content":{"rendered":"<p data-start=\"240\" data-end=\"435\"><strong data-start=\"240\" data-end=\"435\">La instancia permiti\u00f3 analizar problem\u00e1ticas clave de la comuna, con \u00e9nfasis en la seguridad en los establecimientos educacionales y el fortalecimiento del trabajo conjunto entre autoridades.<\/strong><\/p>\n<p data-start=\"437\" data-end=\"762\">La Seremi de Educaci\u00f3n de Atacama, <span class=\"hover:entity-accent entity-underline inline cursor-pointer align-baseline\"><span class=\"whitespace-normal\">Yoris Rojas Vlastelica<\/span><\/span>, realiz\u00f3 una visita protocolar al alcalde de Freirina, <span class=\"hover:entity-accent entity-underline inline cursor-pointer align-baseline\"><span class=\"whitespace-normal\">Fernando Ruhl<\/span><\/span>, con el objetivo de abordar los principales desaf\u00edos educativos que enfrenta la comuna y reforzar el trabajo colaborativo en beneficio de la comunidad escolar.<\/p>\n<p data-start=\"764\" data-end=\"1207\">Durante el encuentro, ambas autoridades analizaron diversas materias prioritarias, destacando la creciente preocupaci\u00f3n por la seguridad en los establecimientos educacionales. Este tema ha tomado relevancia a nivel nacional debido al aumento de hechos de violencia y amenazas en colegios, situaci\u00f3n que ha impulsado el debate sobre nuevas medidas y proyectos para fortalecer la protecci\u00f3n de estudiantes, docentes y asistentes de la educaci\u00f3n.<\/p>\n<p data-start=\"1209\" data-end=\"1405\">Desde el municipio valoraron positivamente la instancia, subrayando la importancia del di\u00e1logo directo con el Gobierno para avanzar en soluciones concretas que respondan a las necesidades locales.<\/p>\n","protected":false},"excerpt":{"rendered":"<p>La instancia permiti\u00f3 analizar problem\u00e1ticas clave de la comuna, con \u00e9nfasis en la seguridad en los establecimientos educacionales y el fortalecimiento del trabajo conjunto entre&hellip; <\/p>\n","protected":false},"author":5,"featured_media":101802,"comment_status":"closed","ping_status":"closed","sticky":false,"template":"","format":"standard","meta":{"footnotes":""},"categories":[7],"tags":[],"class_list":["post-101801","post","type-post","status-publish","format-standard","has-post-thumbnail","hentry","category-atacama"],"_links":{"self":[{"href":"https:\/\/www.radioamigavallenar.cl\/index.php?rest_route=\/wp\/v2\/posts\/101801","targetHints":{"allow":["GET"]}}],"collection":[{"href":"https:\/\/www.radioamigavallenar.cl\/index.php?rest_route=\/wp\/v2\/posts"}],"about":[{"href":"https:\/\/www.radioamigavallenar.cl\/index.php?rest_route=\/wp\/v2\/types\/post"}],"author":[{"embeddable":true,"href":"https:\/\/www.radioamigavallenar.cl\/index.php?rest_route=\/wp\/v2\/users\/5"}],"replies":[{"embeddable":true,"href":"https:\/\/www.radioamigavallenar.cl\/index.php?rest_route=%2Fwp%2Fv2%2Fcomments&post=101801"}],"version-history":[{"count":3,"href":"https:\/\/www.radioamigavallenar.cl\/index.php?rest_route=\/wp\/v2\/posts\/101801\/revisions"}],"predecessor-version":[{"id":101850,"href":"https:\/\/www.radioamigavallenar.cl\/index.php?rest_route=\/wp\/v2\/posts\/101801\/revisions\/101850"}],"wp:featuredmedia":[{"embeddable":true,"href":"https:\/\/www.radioamigavallenar.cl\/index.php?rest_route=\/wp\/v2\/media\/101802"}],"wp:attachment":[{"href":"https:\/\/www.radioamigavallenar.cl\/index.php?rest_route=%2Fwp%2Fv2%2Fmedia&parent=101801"}],"wp:term":[{"taxonomy":"category","embeddable":true,"href":"https:\/\/www.radioamigavallenar.cl\/index.php?rest_route=%2Fwp%2Fv2%2Fcategories&post=101801"},{"taxonomy":"post_tag","embeddable":true,"href":"https:\/\/www.radioamigavallenar.cl\/index.php?rest_route=%2Fwp%2Fv2%2Ftags&post=101801"}],"curies":[{"name":"wp","href":"https:\/\/api.w.org\/{rel}","templated":true}]}}