{"id":101797,"date":"2026-04-27T12:40:27","date_gmt":"2026-04-27T16:40:27","guid":{"rendered":"https:\/\/www.radioamigavallenar.cl\/?p=101797"},"modified":"2026-04-27T12:40:27","modified_gmt":"2026-04-27T16:40:27","slug":"kast-anticipa-paquete-de-medidas-de-apoyo-a-carabineros-en-multitudinario-acto-que-conto-con-presencia-de-boric","status":"publish","type":"post","link":"https:\/\/www.radioamigavallenar.cl\/?p=101797","title":{"rendered":"Kast anticipa paquete de medidas de apoyo a Carabineros en multitudinario acto que cont\u00f3 con presencia de Boric"},"content":{"rendered":"<p>El Presidente Jos\u00e9 Antonio Kast encabez\u00f3 la ceremonia de aniversario de Carabineros, marcada por la amplia convocatoria de representantes de todos los poderes del Estado y la presencia de los expresidentes Gabriel Boric y Eduardo Frei.<\/p>\n<p><strong>En su alocuci\u00f3n, el Mandatario anticip\u00f3 la pronta presentaci\u00f3n de medidas que apuntan a apoyar a Carabineros, con la idea de apuntalar la dotaci\u00f3n de efectivos y \u00abreconocer\u00bb la labor que emplean para la ciudadan\u00eda.<\/strong><\/p>\n<p>\u00abEn las pr\u00f3ximas semanas presentaremos un paquete de medidas destinado en primer lugar a honrar a los h\u00e9roes de Chile,<strong>\u00a0aquellos carabineros que perdieron la vida defendiendo nuestra naci\u00f3n. Tambi\u00e9n a aquellos que han sufrido lesiones f\u00edsicas en el cumplimiento de su deber\u00bb<\/strong>, anunci\u00f3.<\/p>\n<p>Y detall\u00f3 que \u00ab<strong>estas medidas contemplan financiamiento educacional, apoyo educacional, acompa\u00f1amiento psicosocial, programas de inserci\u00f3n laboral y todas las acciones que permitan atender las necesidades y mitigar en algo<\/strong>, en parte, el dolor de la p\u00e9rdida en sus familias\u00bb.<\/p>\n<p>En segundo lugar, indic\u00f3 que\u00a0<strong>\u00abvamos a enfrentar decididamente la crisis que tenemos de cobertura de dotaci\u00f3n policial<\/strong>. Cuando cada uno de nosotros que ejerce un rol p\u00fablico, recorre el pa\u00eds, gobernadores, alcaldes, dirigentes vecinales, se acercan a las autoridades, siempre la primera solicitud es, en el caso m\u00edo, &#8216;Presidente, necesitamos m\u00e1s carabineros'\u00bb.<\/p>\n<p>\u00abTenemos que cuidarlos y respetarlos para eso, y para lograr un mayor ingreso de j\u00f3venes a la carrera de Carabineros, tenemos que buscar las f\u00f3rmulas. ?<strong>Una de ellas es mejorar el estipendio que se entrega a los aspirantes en los distintos grupos de formaci\u00f3n de carabineros\u00bb, sostuvo.<\/strong><\/p>\n<p>A eso a\u00f1adi\u00f3 el \u00abvelar por las instalaciones donde ellos estudian. Tenemos que ir homologando las distintas reparticiones de estudio a lo que ayer pudimos apreciar en Concepci\u00f3n. ?Tambi\u00e9n, junto con el mando,\u00a0<strong>queremos revisar las mallas curriculares\u00a0<\/strong>para complementar la formaci\u00f3n con el trabajo en las unidades operativas territoriales\u00bb.<\/p>\n<p>Agreg\u00f3 que \u00ab<strong>se est\u00e1 considerando un aporte extraordinario en las remuneraciones como en asignaci\u00f3n trimestral.<\/strong>\u00a0Esto es algo que ya se evalu\u00f3 anteriormente, que ha sido planteado por distintas autoridades, por distintos sectores pol\u00edticos. ?Pero s\u00ed decir que debemos hacerlo de manera responsable para que se mantenga en el tiempo<strong>\u00a0y para poder conciliarlo tambi\u00e9n con las restricciones presupuestarias que debemos atender\u00bb.<\/strong><\/p>\n<p>Cerr\u00f3 expresando que \u00ab<strong>esperamos que con estas y otras medidas que anunciaremos en un par de semanas m\u00e1s, podamos aumentar significativamente en los pr\u00f3ximos a\u00f1os, la cantidad de funcionarios de carabineros formados,<\/strong>\u00a0y por otra parte, tambi\u00e9n reconocer de debida forma el trabajo que nuestros carabineros realizan a diario en favor de nuestras comunidades, y as\u00ed responder a esa demanda ciudadana de mayor dotaci\u00f3n y presencia policial\u00bb.<\/p>\n","protected":false},"excerpt":{"rendered":"<p>El Presidente Jos\u00e9 Antonio Kast encabez\u00f3 la ceremonia de aniversario de Carabineros, marcada por la amplia convocatoria de representantes de todos los poderes del Estado&hellip; <\/p>\n","protected":false},"author":7,"featured_media":101798,"comment_status":"closed","ping_status":"closed","sticky":false,"template":"","format":"standard","meta":{"footnotes":""},"categories":[37],"tags":[],"class_list":["post-101797","post","type-post","status-publish","format-standard","has-post-thumbnail","hentry","category-nacional"],"_links":{"self":[{"href":"https:\/\/www.radioamigavallenar.cl\/index.php?rest_route=\/wp\/v2\/posts\/101797","targetHints":{"allow":["GET"]}}],"collection":[{"href":"https:\/\/www.radioamigavallenar.cl\/index.php?rest_route=\/wp\/v2\/posts"}],"about":[{"href":"https:\/\/www.radioamigavallenar.cl\/index.php?rest_route=\/wp\/v2\/types\/post"}],"author":[{"embeddable":true,"href":"https:\/\/www.radioamigavallenar.cl\/index.php?rest_route=\/wp\/v2\/users\/7"}],"replies":[{"embeddable":true,"href":"https:\/\/www.radioamigavallenar.cl\/index.php?rest_route=%2Fwp%2Fv2%2Fcomments&post=101797"}],"version-history":[{"count":1,"href":"https:\/\/www.radioamigavallenar.cl\/index.php?rest_route=\/wp\/v2\/posts\/101797\/revisions"}],"predecessor-version":[{"id":101799,"href":"https:\/\/www.radioamigavallenar.cl\/index.php?rest_route=\/wp\/v2\/posts\/101797\/revisions\/101799"}],"wp:featuredmedia":[{"embeddable":true,"href":"https:\/\/www.radioamigavallenar.cl\/index.php?rest_route=\/wp\/v2\/media\/101798"}],"wp:attachment":[{"href":"https:\/\/www.radioamigavallenar.cl\/index.php?rest_route=%2Fwp%2Fv2%2Fmedia&parent=101797"}],"wp:term":[{"taxonomy":"category","embeddable":true,"href":"https:\/\/www.radioamigavallenar.cl\/index.php?rest_route=%2Fwp%2Fv2%2Fcategories&post=101797"},{"taxonomy":"post_tag","embeddable":true,"href":"https:\/\/www.radioamigavallenar.cl\/index.php?rest_route=%2Fwp%2Fv2%2Ftags&post=101797"}],"curies":[{"name":"wp","href":"https:\/\/api.w.org\/{rel}","templated":true}]}}