{"id":101791,"date":"2026-04-27T12:23:24","date_gmt":"2026-04-27T16:23:24","guid":{"rendered":"https:\/\/www.radioamigavallenar.cl\/?p=101791"},"modified":"2026-04-27T12:23:32","modified_gmt":"2026-04-27T16:23:32","slug":"senadora-provoste-por-venta-de-activos-de-enami-queremos-saber-cual-es-el-compromiso-real-de-este-gobierno-con-la-pequena-mineria","status":"publish","type":"post","link":"https:\/\/www.radioamigavallenar.cl\/?p=101791","title":{"rendered":"Senadora Yasna Provoste por venta de activos de Enami: \u00abQueremos saber cu\u00e1l es el compromiso real de este gobierno con la peque\u00f1a miner\u00eda\u00bb"},"content":{"rendered":"<p data-pm-slice=\"1 1 []\">En el marco de la sesi\u00f3n especial de la comisi\u00f3n de Miner\u00eda sobre Enami, la presidenta de la instancia legislativa, Yasna Provoste, se\u00f1al\u00f3 que es fundamental saber cu\u00e1l ser\u00e1 el foco del Gobierno respecto de la peque\u00f1a miner\u00eda y qu\u00e9 anuncios puede concretar hoy, que puedan ser medibles en un a\u00f1o.<\/p>\n<p>\u201cEs relevante saber cu\u00e1nto del presupuesto tienen destinado exclusivamente para la peque\u00f1a miner\u00eda, destacando metas de producci\u00f3n y n\u00famero de beneficiarios\u201d, a\u00f1adi\u00f3 la representante de Atacama.<\/p>\n<p>Asimismo, Provoste indic\u00f3 que, respecto de la peque\u00f1a miner\u00eda en nuestra regi\u00f3n de Atacama, lo dec\u00eda el presidente de la Asociaci\u00f3n de Mineras Pirquineros, Mario Mercado, se ha trabajado largo tiempo en poder certificar un laboratorio exclusivamente para el oro con la Universidad de Atacama, acci\u00f3n en la que est\u00e1 al debe Enami.<\/p>\n<p>\u201cLa tramitaci\u00f3n de pertenencias mineras puede demorar bastantes a\u00f1os; por lo mismo, queremos saber qu\u00e9 gesti\u00f3n concreta est\u00e1n haciendo con Bienes Nacionales y Sernageomin, para reducir los plazos para la peque\u00f1a miner\u00eda\u201d, detall\u00f3 la senadora.<\/p>\n<p>Adem\u00e1s, Provoste solicit\u00f3 al Ministerio de Miner\u00eda y Enami acelerar la creaci\u00f3n del Estatuto de la Peque\u00f1a Miner\u00eda, institucionalidad que permite caracterizar la peque\u00f1a miner\u00eda y para eso necesitamos el apoyo del ministro Mas.<\/p>\n<p>Cuando el ministro dice venta de activos de oro y cobre y el vicepresidente refuerza los stocks disponibles en 400 mil toneladas en el caso del oro. Es fundamental saber si la venta de activos solo se refiere al stock disponible que se encuentra en Enami. Y en ese plano, queremos saber cu\u00e1l es el compromiso real de este gobierno con la peque\u00f1a miner\u00eda\u201d, afirm\u00f3 la presidenta de la comisi\u00f3n de Miner\u00eda.<\/p>\n<p>Por su parte, el ministro Mas coment\u00f3 que la Enami est\u00e1 al debe 220 millones de d\u00f3lares; por lo mismo, no vamos a evadir los temas. Y hoy tiene una caja levemente positiva. Estamos dando una mirada m\u00e1s profunda al balance de toneladas de oro y cobre.<\/p>\n<p>\u201cEl gobierno anterior prescindi\u00f3 de algunos activos como Quebrada Blanca y cerr\u00f3 la Fundici\u00f3n Paipote, y nosotros estamos mirando activos laterales como es el caso de las toneladas de mineral que no se han hecho hace tiempo\u201d, agreg\u00f3.<\/p>\n<p>Finalmente, el ministro de Miner\u00eda indic\u00f3 que \u201cel sue\u00f1o ser\u00eda volver a fortalecer el fomento, foco que ha perdido Enami y se traduce en el aumento de peque\u00f1os mineros. El plan de los patios vac\u00edos y el poder de compra con transparencia es un desaf\u00edo y nos comprometemos a mejorar los tiempos de pago. La miner\u00eda es de largo plazo y, si no favorecemos el sondaje y prospecci\u00f3n, lo haremos en la peque\u00f1a miner\u00eda\u201d.<\/p>\n","protected":false},"excerpt":{"rendered":"<p>En el marco de la sesi\u00f3n especial de la comisi\u00f3n de Miner\u00eda sobre Enami, la presidenta de la instancia legislativa, Yasna Provoste, se\u00f1al\u00f3 que es&hellip; <\/p>\n","protected":false},"author":7,"featured_media":86292,"comment_status":"closed","ping_status":"closed","sticky":false,"template":"","format":"standard","meta":{"footnotes":""},"categories":[7],"tags":[],"class_list":["post-101791","post","type-post","status-publish","format-standard","has-post-thumbnail","hentry","category-atacama"],"_links":{"self":[{"href":"https:\/\/www.radioamigavallenar.cl\/index.php?rest_route=\/wp\/v2\/posts\/101791","targetHints":{"allow":["GET"]}}],"collection":[{"href":"https:\/\/www.radioamigavallenar.cl\/index.php?rest_route=\/wp\/v2\/posts"}],"about":[{"href":"https:\/\/www.radioamigavallenar.cl\/index.php?rest_route=\/wp\/v2\/types\/post"}],"author":[{"embeddable":true,"href":"https:\/\/www.radioamigavallenar.cl\/index.php?rest_route=\/wp\/v2\/users\/7"}],"replies":[{"embeddable":true,"href":"https:\/\/www.radioamigavallenar.cl\/index.php?rest_route=%2Fwp%2Fv2%2Fcomments&post=101791"}],"version-history":[{"count":2,"href":"https:\/\/www.radioamigavallenar.cl\/index.php?rest_route=\/wp\/v2\/posts\/101791\/revisions"}],"predecessor-version":[{"id":101793,"href":"https:\/\/www.radioamigavallenar.cl\/index.php?rest_route=\/wp\/v2\/posts\/101791\/revisions\/101793"}],"wp:featuredmedia":[{"embeddable":true,"href":"https:\/\/www.radioamigavallenar.cl\/index.php?rest_route=\/wp\/v2\/media\/86292"}],"wp:attachment":[{"href":"https:\/\/www.radioamigavallenar.cl\/index.php?rest_route=%2Fwp%2Fv2%2Fmedia&parent=101791"}],"wp:term":[{"taxonomy":"category","embeddable":true,"href":"https:\/\/www.radioamigavallenar.cl\/index.php?rest_route=%2Fwp%2Fv2%2Fcategories&post=101791"},{"taxonomy":"post_tag","embeddable":true,"href":"https:\/\/www.radioamigavallenar.cl\/index.php?rest_route=%2Fwp%2Fv2%2Ftags&post=101791"}],"curies":[{"name":"wp","href":"https:\/\/api.w.org\/{rel}","templated":true}]}}