{"id":101788,"date":"2026-04-27T12:18:25","date_gmt":"2026-04-27T16:18:25","guid":{"rendered":"https:\/\/www.radioamigavallenar.cl\/?p=101788"},"modified":"2026-04-27T12:18:25","modified_gmt":"2026-04-27T16:18:25","slug":"sauerbaum-anuncia-agenda-para-facilitar-salida-voluntaria-de-migrantes-irregulares-de-chile","status":"publish","type":"post","link":"https:\/\/www.radioamigavallenar.cl\/?p=101788","title":{"rendered":"Sauerbaum anuncia agenda para facilitar salida voluntaria de migrantes irregulares de Chile"},"content":{"rendered":"<p>Este lunes, el director nacional del Servicio de Migraciones, Frank Sauerbaum, se refiri\u00f3 al proceso de expulsiones, una de las principales promesas del gobierno de Jos\u00e9 Antonio Kast.<\/p>\n<p>En ese contexto, abord\u00f3 una propuesta de agenda que contempla\u00a0<strong>facilitar la salida voluntaria<\/strong>\u00a0de quienes ingresaron al pa\u00eds de manera ilegal.<\/p>\n<p>Tras ser consultado por la cifra de campa\u00f1a que apuntaba a la expulsi\u00f3n de 300 mil personas, Sauerbaum se\u00f1al\u00f3 que no cuentan con un registro detallado de qui\u00e9nes se encuentran en situaci\u00f3n irregular en Chile.<\/p>\n<p>\u201cNo tenemos 300 mil \u00f3rdenes de expulsi\u00f3n. Tenemos 46.000 que nos dej\u00f3 el gobierno anterior. Esas nosotros hemos ido haciendo un an\u00e1lisis de cada una porque muchas de esas personas que fueron supuestamente expulsadas a trav\u00e9s de un decreto ya se fueron del pa\u00eds. Entonces estamos haciendo un an\u00e1lisis de esas tambi\u00e9n\u201d, se\u00f1al\u00f3.<\/p>\n<p>Al respecto, indic\u00f3 que el foco del Ejecutivo es priorizar la salida de quienes cuenten con problemas judiciales. Asimismo, anunci\u00f3 que\u00a0<span class=\"destacador destacado\">\u201cla agenda es que las personas puedan salir voluntariamente y, si quieren, puedan reingresar al pa\u00eds cumpliendo los requisitos\u201d.<\/span><\/p>\n<p>\u201cNosotros sabemos y entendemos el valor que tienen los inmigrantes regulares, los que hacen bien las cosas, los que vienen a formar familia, emprender. Y, por lo tanto, queremos que las personas voluntariamente, en algunos casos, puedan salir. Y, si quieren, podr\u00e1n volver a trav\u00e9s de su visa respectiva, a trav\u00e9s de los consulados y a trav\u00e9s del tr\u00e1mite en el lugar de origen\u201d, a\u00f1adi\u00f3.<\/p>\n<p>Consultado sobre c\u00f3mo operar\u00eda este proceso, Sauerbaum explic\u00f3 que se trata de\u00a0<strong>\u201cun problema administrativo que tienen resuelto\u201d,<\/strong>\u00a0detallando que se elaborar\u00e1 un documento para que esto sea posible.<\/p>\n<p><span class=\"destacador destacado\">\u201cEse documento nosotros se lo vamos a proponer al presidente si a \u00e9l le parece la figura legal,<\/span>\u00a0y vamos a poder tener la opci\u00f3n de que ellos salgan y vamos a proponerle algunas cosas concretas\u201d, afirm\u00f3.<\/p>\n<p>En ese sentido, ejemplific\u00f3 con casos de personas que quieren irse, pero mantienen multas \u2014por ejemplo, por vencimiento de visa\u2014 o castigos por reingresos al pa\u00eds.<\/p>\n<p>Junto con ello, indic\u00f3 que tambi\u00e9n hay personas que quieren regresar. Por ello, \u201cleg\u00edtimamente, nosotros les vamos a pedir que se vayan y que hagan el tr\u00e1mite en el pa\u00eds de origen y\u00a0<strong>puedan volver a trav\u00e9s de sus documentos adecuadamente\u201d.<\/strong><\/p>\n<p>Recordemos que esto ocurre en el marco de una intensificaci\u00f3n de las fiscalizaciones y procedimientos de expulsi\u00f3n impulsados por el Ejecutivo para regularizar la situaci\u00f3n migratoria en Chile.<\/p>\n","protected":false},"excerpt":{"rendered":"<p>Este lunes, el director nacional del Servicio de Migraciones, Frank Sauerbaum, se refiri\u00f3 al proceso de expulsiones, una de las principales promesas del gobierno de&hellip; <\/p>\n","protected":false},"author":7,"featured_media":101789,"comment_status":"closed","ping_status":"closed","sticky":false,"template":"","format":"standard","meta":{"footnotes":""},"categories":[37],"tags":[],"class_list":["post-101788","post","type-post","status-publish","format-standard","has-post-thumbnail","hentry","category-nacional"],"_links":{"self":[{"href":"https:\/\/www.radioamigavallenar.cl\/index.php?rest_route=\/wp\/v2\/posts\/101788","targetHints":{"allow":["GET"]}}],"collection":[{"href":"https:\/\/www.radioamigavallenar.cl\/index.php?rest_route=\/wp\/v2\/posts"}],"about":[{"href":"https:\/\/www.radioamigavallenar.cl\/index.php?rest_route=\/wp\/v2\/types\/post"}],"author":[{"embeddable":true,"href":"https:\/\/www.radioamigavallenar.cl\/index.php?rest_route=\/wp\/v2\/users\/7"}],"replies":[{"embeddable":true,"href":"https:\/\/www.radioamigavallenar.cl\/index.php?rest_route=%2Fwp%2Fv2%2Fcomments&post=101788"}],"version-history":[{"count":1,"href":"https:\/\/www.radioamigavallenar.cl\/index.php?rest_route=\/wp\/v2\/posts\/101788\/revisions"}],"predecessor-version":[{"id":101790,"href":"https:\/\/www.radioamigavallenar.cl\/index.php?rest_route=\/wp\/v2\/posts\/101788\/revisions\/101790"}],"wp:featuredmedia":[{"embeddable":true,"href":"https:\/\/www.radioamigavallenar.cl\/index.php?rest_route=\/wp\/v2\/media\/101789"}],"wp:attachment":[{"href":"https:\/\/www.radioamigavallenar.cl\/index.php?rest_route=%2Fwp%2Fv2%2Fmedia&parent=101788"}],"wp:term":[{"taxonomy":"category","embeddable":true,"href":"https:\/\/www.radioamigavallenar.cl\/index.php?rest_route=%2Fwp%2Fv2%2Fcategories&post=101788"},{"taxonomy":"post_tag","embeddable":true,"href":"https:\/\/www.radioamigavallenar.cl\/index.php?rest_route=%2Fwp%2Fv2%2Ftags&post=101788"}],"curies":[{"name":"wp","href":"https:\/\/api.w.org\/{rel}","templated":true}]}}