{"id":101784,"date":"2026-04-27T10:30:59","date_gmt":"2026-04-27T14:30:59","guid":{"rendered":"https:\/\/www.radioamigavallenar.cl\/?p=101784"},"modified":"2026-04-27T10:30:59","modified_gmt":"2026-04-27T14:30:59","slug":"corproa-y-terminales-portuarios-acuerdan-voceria-unificada-para-impulsar-el-desarrollo-del-sector-en-atacama","status":"publish","type":"post","link":"https:\/\/www.radioamigavallenar.cl\/?p=101784","title":{"rendered":"CORPROA y Terminales Portuarios acuerdan vocer\u00eda unificada para impulsar el desarrollo del sector en Atacama"},"content":{"rendered":"<p>En un paso estrat\u00e9gico para fortalecer la competitividad log\u00edstica, la Corporaci\u00f3n para el Desarrollo de la Regi\u00f3n de Atacama CORPROA, anunci\u00f3 el inicio de un trabajo colaborativo junto a los terminales portuarios locales \u2014tanto en operaci\u00f3n como en proyecto\u2014 con el objetivo de articular una oferta portuaria integrada bajo una vocer\u00eda unificada.<\/p>\n<p>Esta iniciativa busca congregar a socios y no socios de la Corporaci\u00f3n en un frente com\u00fan que permita representar los intereses del sector ante autoridades nacionales e internacionales, optimizar la cadena log\u00edstica y potenciar el rol de Atacama como un nodo exportador de clase mundial. \u00abLa articulaci\u00f3n portuaria es un pilar fundamental dentro de una estrategia de unidad regional.<\/p>\n<p>As\u00ed como ya estamos trabajando con \u00e9xito en el Cluster Minero de Atacama y la Mesa de Instituciones de Educaci\u00f3n Superior (MIES), hoy los portuarios se suman a estos esfuerzos para consolidar un bloque s\u00f3lido que hable con una sola voz sobre el potencial de nuestra infraestructura\u00bb, coment\u00f3 Juan Jos\u00e9 Ronsecco, Presidente de CORPROA.<\/p>\n<p>Con esta alianza, CORPROA reafirma su compromiso con el desarrollo responsable y la generaci\u00f3n de valor compartido, proyectando a Atacama como una regi\u00f3n preparada para los desaf\u00edos del comercio global y atractiva para la llegada de nuevos capitales que impulsen el bienestar de todos sus habitantes.<\/p>\n","protected":false},"excerpt":{"rendered":"<p>En un paso estrat\u00e9gico para fortalecer la competitividad log\u00edstica, la Corporaci\u00f3n para el Desarrollo de la Regi\u00f3n de Atacama CORPROA, anunci\u00f3 el inicio de un&hellip; <\/p>\n","protected":false},"author":7,"featured_media":101785,"comment_status":"closed","ping_status":"closed","sticky":false,"template":"","format":"standard","meta":{"footnotes":""},"categories":[7],"tags":[],"class_list":["post-101784","post","type-post","status-publish","format-standard","has-post-thumbnail","hentry","category-atacama"],"_links":{"self":[{"href":"https:\/\/www.radioamigavallenar.cl\/index.php?rest_route=\/wp\/v2\/posts\/101784","targetHints":{"allow":["GET"]}}],"collection":[{"href":"https:\/\/www.radioamigavallenar.cl\/index.php?rest_route=\/wp\/v2\/posts"}],"about":[{"href":"https:\/\/www.radioamigavallenar.cl\/index.php?rest_route=\/wp\/v2\/types\/post"}],"author":[{"embeddable":true,"href":"https:\/\/www.radioamigavallenar.cl\/index.php?rest_route=\/wp\/v2\/users\/7"}],"replies":[{"embeddable":true,"href":"https:\/\/www.radioamigavallenar.cl\/index.php?rest_route=%2Fwp%2Fv2%2Fcomments&post=101784"}],"version-history":[{"count":1,"href":"https:\/\/www.radioamigavallenar.cl\/index.php?rest_route=\/wp\/v2\/posts\/101784\/revisions"}],"predecessor-version":[{"id":101786,"href":"https:\/\/www.radioamigavallenar.cl\/index.php?rest_route=\/wp\/v2\/posts\/101784\/revisions\/101786"}],"wp:featuredmedia":[{"embeddable":true,"href":"https:\/\/www.radioamigavallenar.cl\/index.php?rest_route=\/wp\/v2\/media\/101785"}],"wp:attachment":[{"href":"https:\/\/www.radioamigavallenar.cl\/index.php?rest_route=%2Fwp%2Fv2%2Fmedia&parent=101784"}],"wp:term":[{"taxonomy":"category","embeddable":true,"href":"https:\/\/www.radioamigavallenar.cl\/index.php?rest_route=%2Fwp%2Fv2%2Fcategories&post=101784"},{"taxonomy":"post_tag","embeddable":true,"href":"https:\/\/www.radioamigavallenar.cl\/index.php?rest_route=%2Fwp%2Fv2%2Ftags&post=101784"}],"curies":[{"name":"wp","href":"https:\/\/api.w.org\/{rel}","templated":true}]}}