{"id":101782,"date":"2026-04-27T10:27:34","date_gmt":"2026-04-27T14:27:34","guid":{"rendered":"https:\/\/www.radioamigavallenar.cl\/?p=101782"},"modified":"2026-04-27T10:27:34","modified_gmt":"2026-04-27T14:27:34","slug":"alcalde-de-vallenar-victor-isla-anuncia-nuevos-programas-sociales-y-educativos-con-fechas-de-implementacion","status":"publish","type":"post","link":"https:\/\/www.radioamigavallenar.cl\/?p=101782","title":{"rendered":"Alcalde de Vallenar Victor Isla, anuncia nuevos programas sociales y educativos con fechas de implementaci\u00f3n"},"content":{"rendered":"<p data-pm-slice=\"1 1 []\">El alcalde de Vallenar, V\u00edctor Isla Lutz, inform\u00f3 que durante los pr\u00f3ximos d\u00edas se pondr\u00e1n en marcha una serie de iniciativas municipales enfocadas en apoyo social, educaci\u00f3n y mejoras habitacionales, en el marco de la preparaci\u00f3n de su pr\u00f3xima cuenta p\u00fablica.<\/p>\n<p>Entre los anuncios destaca el lanzamiento del preuniversitario municipal, cuyos requisitos de postulaci\u00f3n ser\u00e1n dados a conocer este jueves, marcando el inicio formal del programa.<\/p>\n<p>En materia social, se confirm\u00f3 la entrega de 500 cajas de mercader\u00eda destinadas a adultos mayores, mientras que el programa de 1.000 tubos de gas municipal y el plan de reparaci\u00f3n de 100 techos tendr\u00e1n sus requisitos disponibles a mediados de mayo.<\/p>\n<p>Adem\u00e1s, el municipio incorpor\u00f3 un servicio de podolog\u00eda municipal, el cual comenzar\u00e1 a operar durante esta semana en juntas de vecinos y clubes de adulto mayor.<\/p>\n<p>Desde la administraci\u00f3n comunal indicaron que estas iniciativas buscan fortalecer el apoyo directo a la comunidad, abordando necesidades concretas en \u00e1reas como educaci\u00f3n, salud y condiciones de vivienda.<\/p>\n","protected":false},"excerpt":{"rendered":"<p>El alcalde de Vallenar, V\u00edctor Isla Lutz, inform\u00f3 que durante los pr\u00f3ximos d\u00edas se pondr\u00e1n en marcha una serie de iniciativas municipales enfocadas en apoyo&hellip; <\/p>\n","protected":false},"author":7,"featured_media":100657,"comment_status":"closed","ping_status":"closed","sticky":false,"template":"","format":"standard","meta":{"footnotes":""},"categories":[7],"tags":[],"class_list":["post-101782","post","type-post","status-publish","format-standard","has-post-thumbnail","hentry","category-atacama"],"_links":{"self":[{"href":"https:\/\/www.radioamigavallenar.cl\/index.php?rest_route=\/wp\/v2\/posts\/101782","targetHints":{"allow":["GET"]}}],"collection":[{"href":"https:\/\/www.radioamigavallenar.cl\/index.php?rest_route=\/wp\/v2\/posts"}],"about":[{"href":"https:\/\/www.radioamigavallenar.cl\/index.php?rest_route=\/wp\/v2\/types\/post"}],"author":[{"embeddable":true,"href":"https:\/\/www.radioamigavallenar.cl\/index.php?rest_route=\/wp\/v2\/users\/7"}],"replies":[{"embeddable":true,"href":"https:\/\/www.radioamigavallenar.cl\/index.php?rest_route=%2Fwp%2Fv2%2Fcomments&post=101782"}],"version-history":[{"count":1,"href":"https:\/\/www.radioamigavallenar.cl\/index.php?rest_route=\/wp\/v2\/posts\/101782\/revisions"}],"predecessor-version":[{"id":101783,"href":"https:\/\/www.radioamigavallenar.cl\/index.php?rest_route=\/wp\/v2\/posts\/101782\/revisions\/101783"}],"wp:featuredmedia":[{"embeddable":true,"href":"https:\/\/www.radioamigavallenar.cl\/index.php?rest_route=\/wp\/v2\/media\/100657"}],"wp:attachment":[{"href":"https:\/\/www.radioamigavallenar.cl\/index.php?rest_route=%2Fwp%2Fv2%2Fmedia&parent=101782"}],"wp:term":[{"taxonomy":"category","embeddable":true,"href":"https:\/\/www.radioamigavallenar.cl\/index.php?rest_route=%2Fwp%2Fv2%2Fcategories&post=101782"},{"taxonomy":"post_tag","embeddable":true,"href":"https:\/\/www.radioamigavallenar.cl\/index.php?rest_route=%2Fwp%2Fv2%2Ftags&post=101782"}],"curies":[{"name":"wp","href":"https:\/\/api.w.org\/{rel}","templated":true}]}}