{"id":101779,"date":"2026-04-27T10:26:24","date_gmt":"2026-04-27T14:26:24","guid":{"rendered":"https:\/\/www.radioamigavallenar.cl\/?p=101779"},"modified":"2026-04-27T10:26:24","modified_gmt":"2026-04-27T14:26:24","slug":"freirina-celebro-el-dia-del-libro-con-cultura-talento-local-y-comunidad","status":"publish","type":"post","link":"https:\/\/www.radioamigavallenar.cl\/?p=101779","title":{"rendered":"Freirina celebr\u00f3 el D\u00eda del Libro con cultura, talento local y comunidad"},"content":{"rendered":"<p data-pm-slice=\"1 1 []\">En el marco de las actividades impulsadas por el D\u00eda del Libro, la Biblioteca P\u00fablica, en conjunto con el Liceo Bicentenario Ram\u00f3n Freire, desarrollaron una destacada jornada cultural en la Plaza de Freirina, transformando este espacio en un verdadero punto de encuentro en torno a la lectura y las artes.<\/p>\n<p>Estudiantes de distintos cursos sorprendieron con una cuidada puesta en escena, dando vida a cl\u00e1sicas obras de la literatura universal, mientras que tambi\u00e9n se dispusieron espacios para la exhibici\u00f3n de libros de autores locales, relevando el talento y la identidad cultural del territorio.<\/p>\n<p>La actividad congreg\u00f3 a toda la comunidad educativa del establecimiento, instancia que fue valorada por el alcalde, quien pudo recorrer la muestra y apreciar en detalle el trabajo, compromiso y creatividad de estudiantes y docentes.<\/p>\n<p>En paralelo, la Biblioteca P\u00fablica abri\u00f3 sus puertas a la comunidad para fomentar el h\u00e1bito lector, facilitando el pr\u00e9stamo de libros y tambi\u00e9n la entrega gratuita de ejemplares, acercando la lectura a vecinos y vecinas de todas las edades.<\/p>\n<p>La jornada tambi\u00e9n cont\u00f3 con la participaci\u00f3n de autores locales, quienes declamaron poes\u00eda, compartieron sus obras e interactuaron con el p\u00fablico, enriqueciendo esta celebraci\u00f3n con identidad y cercan\u00eda.<\/p>\n","protected":false},"excerpt":{"rendered":"<p>En el marco de las actividades impulsadas por el D\u00eda del Libro, la Biblioteca P\u00fablica, en conjunto con el Liceo Bicentenario Ram\u00f3n Freire, desarrollaron una&hellip; <\/p>\n","protected":false},"author":7,"featured_media":101780,"comment_status":"closed","ping_status":"closed","sticky":false,"template":"","format":"standard","meta":{"footnotes":""},"categories":[7],"tags":[],"class_list":["post-101779","post","type-post","status-publish","format-standard","has-post-thumbnail","hentry","category-atacama"],"_links":{"self":[{"href":"https:\/\/www.radioamigavallenar.cl\/index.php?rest_route=\/wp\/v2\/posts\/101779","targetHints":{"allow":["GET"]}}],"collection":[{"href":"https:\/\/www.radioamigavallenar.cl\/index.php?rest_route=\/wp\/v2\/posts"}],"about":[{"href":"https:\/\/www.radioamigavallenar.cl\/index.php?rest_route=\/wp\/v2\/types\/post"}],"author":[{"embeddable":true,"href":"https:\/\/www.radioamigavallenar.cl\/index.php?rest_route=\/wp\/v2\/users\/7"}],"replies":[{"embeddable":true,"href":"https:\/\/www.radioamigavallenar.cl\/index.php?rest_route=%2Fwp%2Fv2%2Fcomments&post=101779"}],"version-history":[{"count":1,"href":"https:\/\/www.radioamigavallenar.cl\/index.php?rest_route=\/wp\/v2\/posts\/101779\/revisions"}],"predecessor-version":[{"id":101781,"href":"https:\/\/www.radioamigavallenar.cl\/index.php?rest_route=\/wp\/v2\/posts\/101779\/revisions\/101781"}],"wp:featuredmedia":[{"embeddable":true,"href":"https:\/\/www.radioamigavallenar.cl\/index.php?rest_route=\/wp\/v2\/media\/101780"}],"wp:attachment":[{"href":"https:\/\/www.radioamigavallenar.cl\/index.php?rest_route=%2Fwp%2Fv2%2Fmedia&parent=101779"}],"wp:term":[{"taxonomy":"category","embeddable":true,"href":"https:\/\/www.radioamigavallenar.cl\/index.php?rest_route=%2Fwp%2Fv2%2Fcategories&post=101779"},{"taxonomy":"post_tag","embeddable":true,"href":"https:\/\/www.radioamigavallenar.cl\/index.php?rest_route=%2Fwp%2Fv2%2Ftags&post=101779"}],"curies":[{"name":"wp","href":"https:\/\/api.w.org\/{rel}","templated":true}]}}