{"id":101776,"date":"2026-04-27T10:24:47","date_gmt":"2026-04-27T14:24:47","guid":{"rendered":"https:\/\/www.radioamigavallenar.cl\/?p=101776"},"modified":"2026-04-27T10:24:47","modified_gmt":"2026-04-27T14:24:47","slug":"los-principales-alcances-del-proyecto-de-ley-de-reconstruccion-nacional-y-escuelas-protegidas-en-dialogos-con-dirigentes-sociales-en-la-provincia","status":"publish","type":"post","link":"https:\/\/www.radioamigavallenar.cl\/?p=101776","title":{"rendered":"Los principales alcances del proyecto de ley de Reconstrucci\u00f3n Nacional y Escuelas Protegidas en di\u00e1logos con dirigentes sociales en la provincia"},"content":{"rendered":"<p data-pm-slice=\"1 1 []\">Con el objetivo de fortalecer el v\u00ednculo entre el Gobierno y las organizaciones sociales del territorio, el Delegado Presidencial Provincial del Huasco, Juan Donoso, sostuvo reuniones, con dirigentas y dirigentes de Juntas de Vecinos \u201cCumbres del Huasco\u201d, en Vallenar, y la Junta de Vecinos \u201cMirador 14\u201d y de las Juntas de Vecinos \u201cVilla Victoria\u201d, \u201cVilla San Juan\u201d y \u201cNueva Esperanza\u201d, en la comuna de Huasco.<\/p>\n<p>Encuentros que se enmarcan en una serie de reuniones que la autoridad ha desarrollado durante la semana con distintas organizaciones sociales, con el objeto de bajar informaci\u00f3n del Gobierno, informaci\u00f3n respecto de los proyectos de ley impulsados por el presidente de la Rep\u00fablica, Jos\u00e9 Antonio Kast, particularmente el \u201cPlan de Reconstrucci\u00f3n Nacional\u201d y la iniciativa \u201cEscuelas Protegidas\u201d, buscando acercar la gesti\u00f3n del Gobierno a la comunidad.<\/p>\n<p>Las reuniones con la autoridad han permitido, adem\u00e1s, que las dirigentas pudieran exponer sus principales inquietudes y demandas, destacando la importancia de avanzar en una coordinaci\u00f3n efectiva con el Gobierno que permita canalizar soluciones concretas a sus planteamientos y necesidades del sector.<\/p>\n<p>El delegado valor\u00f3 el espacio de di\u00e1logo, relevando la importancia de escuchar a la comunidad y trabajar de manera conjunta en la construcci\u00f3n de respuestas oportunas que contribuyan al bienestar de las vecinas y vecinos de la comuna.<\/p>\n","protected":false},"excerpt":{"rendered":"<p>Con el objetivo de fortalecer el v\u00ednculo entre el Gobierno y las organizaciones sociales del territorio, el Delegado Presidencial Provincial del Huasco, Juan Donoso, sostuvo&hellip; <\/p>\n","protected":false},"author":7,"featured_media":101777,"comment_status":"closed","ping_status":"closed","sticky":false,"template":"","format":"standard","meta":{"footnotes":""},"categories":[7],"tags":[],"class_list":["post-101776","post","type-post","status-publish","format-standard","has-post-thumbnail","hentry","category-atacama"],"_links":{"self":[{"href":"https:\/\/www.radioamigavallenar.cl\/index.php?rest_route=\/wp\/v2\/posts\/101776","targetHints":{"allow":["GET"]}}],"collection":[{"href":"https:\/\/www.radioamigavallenar.cl\/index.php?rest_route=\/wp\/v2\/posts"}],"about":[{"href":"https:\/\/www.radioamigavallenar.cl\/index.php?rest_route=\/wp\/v2\/types\/post"}],"author":[{"embeddable":true,"href":"https:\/\/www.radioamigavallenar.cl\/index.php?rest_route=\/wp\/v2\/users\/7"}],"replies":[{"embeddable":true,"href":"https:\/\/www.radioamigavallenar.cl\/index.php?rest_route=%2Fwp%2Fv2%2Fcomments&post=101776"}],"version-history":[{"count":1,"href":"https:\/\/www.radioamigavallenar.cl\/index.php?rest_route=\/wp\/v2\/posts\/101776\/revisions"}],"predecessor-version":[{"id":101778,"href":"https:\/\/www.radioamigavallenar.cl\/index.php?rest_route=\/wp\/v2\/posts\/101776\/revisions\/101778"}],"wp:featuredmedia":[{"embeddable":true,"href":"https:\/\/www.radioamigavallenar.cl\/index.php?rest_route=\/wp\/v2\/media\/101777"}],"wp:attachment":[{"href":"https:\/\/www.radioamigavallenar.cl\/index.php?rest_route=%2Fwp%2Fv2%2Fmedia&parent=101776"}],"wp:term":[{"taxonomy":"category","embeddable":true,"href":"https:\/\/www.radioamigavallenar.cl\/index.php?rest_route=%2Fwp%2Fv2%2Fcategories&post=101776"},{"taxonomy":"post_tag","embeddable":true,"href":"https:\/\/www.radioamigavallenar.cl\/index.php?rest_route=%2Fwp%2Fv2%2Ftags&post=101776"}],"curies":[{"name":"wp","href":"https:\/\/api.w.org\/{rel}","templated":true}]}}