{"id":101773,"date":"2026-04-27T10:18:13","date_gmt":"2026-04-27T14:18:13","guid":{"rendered":"https:\/\/www.radioamigavallenar.cl\/?p=101773"},"modified":"2026-04-27T10:18:13","modified_gmt":"2026-04-27T14:18:13","slug":"subsecretaria-de-salud-publica-y-seremis-del-pais-reacreditan-certificacion-iso-90012015-en-sus-procesos-de-gestion-sanitaria","status":"publish","type":"post","link":"https:\/\/www.radioamigavallenar.cl\/?p=101773","title":{"rendered":"Subsecretar\u00eda de Salud P\u00fablica y SEREMIs del pa\u00eds reacreditan certificaci\u00f3n ISO 9001:2015 en sus procesos de gesti\u00f3n sanitaria"},"content":{"rendered":"<p>Hito respalda la calidad y mejora continua de procesos clave como fiscalizaci\u00f3n, seguridad alimentaria y programas de inmunizaci\u00f3n a nivel regional<\/p>\n<p>La Subsecretar\u00eda de Salud P\u00fablica, junto a sus Secretar\u00edas Regionales Ministeriales de Salud a lo largo del pa\u00eds, reacredit\u00f3 su certificaci\u00f3n del Sistema de Gesti\u00f3n de Calidad bajo la norma ISO 9001:2015, tras un proceso de evaluaci\u00f3n externa realizado por la entidad certificadora LGAI Chile S.A. (Applus+), reafirmando el cumplimiento de est\u00e1ndares internacionales en la gesti\u00f3n de procesos estrat\u00e9gicos en salud p\u00fablica.<\/p>\n<p>Este hito considera un amplio alcance que incluye la evaluaci\u00f3n, seguimiento y mejora de procesos como la formalizaci\u00f3n de instalaciones de alimentos, la fiscalizaci\u00f3n sanitaria programada con enfoque de riesgo, la certificaci\u00f3n de desratizaci\u00f3n predemolici\u00f3n, la certificaci\u00f3n de discapacidad, as\u00ed como la planificaci\u00f3n, distribuci\u00f3n y control del Programa Nacional de Inmunizaciones (PNI), entre otros.<\/p>\n<p>La certificaci\u00f3n, vigente hasta diciembre de 2026, respalda la implementaci\u00f3n de estos procesos a nivel regional en todo el pa\u00eds, incluyendo el trabajo desarrollado por las SEREMIs de Salud, lo que permite asegurar est\u00e1ndares de calidad en la protecci\u00f3n de la salud de la poblaci\u00f3n.<\/p>\n<p>Al respecto, la seremi de Salud de Atacama, Silvana Flores Molina, destac\u00f3 la relevancia de este avance, se\u00f1alando que \u201cesta reacreditaci\u00f3n refleja el compromiso de nuestros equipos con la mejora continua y con una gesti\u00f3n sanitaria basada en est\u00e1ndares de calidad. En la regi\u00f3n de Atacama, este trabajo se traduce en procesos m\u00e1s robustos, mayor eficiencia y mejores garant\u00edas para la comunidad, especialmente en \u00e1mbitos como la fiscalizaci\u00f3n, la seguridad alimentaria y los programas de inmunizaci\u00f3n\u201d.<\/p>\n<p>Asimismo, la autoridad agreg\u00f3 que \u201cser parte de un sistema de gesti\u00f3n certificado a nivel nacional fortalece la confianza en la institucionalidad sanitaria y permite avanzar con mayor rigurosidad en la protecci\u00f3n de la salud de las personas, a trav\u00e9s de procesos transparentes y en permanente mejora\u201d.<\/p>\n","protected":false},"excerpt":{"rendered":"<p>Hito respalda la calidad y mejora continua de procesos clave como fiscalizaci\u00f3n, seguridad alimentaria y programas de inmunizaci\u00f3n a nivel regional La Subsecretar\u00eda de Salud&hellip; <\/p>\n","protected":false},"author":7,"featured_media":101774,"comment_status":"closed","ping_status":"closed","sticky":false,"template":"","format":"standard","meta":{"footnotes":""},"categories":[38],"tags":[],"class_list":["post-101773","post","type-post","status-publish","format-standard","has-post-thumbnail","hentry","category-portada-regional"],"_links":{"self":[{"href":"https:\/\/www.radioamigavallenar.cl\/index.php?rest_route=\/wp\/v2\/posts\/101773","targetHints":{"allow":["GET"]}}],"collection":[{"href":"https:\/\/www.radioamigavallenar.cl\/index.php?rest_route=\/wp\/v2\/posts"}],"about":[{"href":"https:\/\/www.radioamigavallenar.cl\/index.php?rest_route=\/wp\/v2\/types\/post"}],"author":[{"embeddable":true,"href":"https:\/\/www.radioamigavallenar.cl\/index.php?rest_route=\/wp\/v2\/users\/7"}],"replies":[{"embeddable":true,"href":"https:\/\/www.radioamigavallenar.cl\/index.php?rest_route=%2Fwp%2Fv2%2Fcomments&post=101773"}],"version-history":[{"count":1,"href":"https:\/\/www.radioamigavallenar.cl\/index.php?rest_route=\/wp\/v2\/posts\/101773\/revisions"}],"predecessor-version":[{"id":101775,"href":"https:\/\/www.radioamigavallenar.cl\/index.php?rest_route=\/wp\/v2\/posts\/101773\/revisions\/101775"}],"wp:featuredmedia":[{"embeddable":true,"href":"https:\/\/www.radioamigavallenar.cl\/index.php?rest_route=\/wp\/v2\/media\/101774"}],"wp:attachment":[{"href":"https:\/\/www.radioamigavallenar.cl\/index.php?rest_route=%2Fwp%2Fv2%2Fmedia&parent=101773"}],"wp:term":[{"taxonomy":"category","embeddable":true,"href":"https:\/\/www.radioamigavallenar.cl\/index.php?rest_route=%2Fwp%2Fv2%2Fcategories&post=101773"},{"taxonomy":"post_tag","embeddable":true,"href":"https:\/\/www.radioamigavallenar.cl\/index.php?rest_route=%2Fwp%2Fv2%2Ftags&post=101773"}],"curies":[{"name":"wp","href":"https:\/\/api.w.org\/{rel}","templated":true}]}}