{"id":101770,"date":"2026-04-27T10:16:37","date_gmt":"2026-04-27T14:16:37","guid":{"rendered":"https:\/\/www.radioamigavallenar.cl\/?p=101770"},"modified":"2026-04-27T10:16:37","modified_gmt":"2026-04-27T14:16:37","slug":"funcionarios-del-ine-en-atacama-se-informan-sobre-acogimiento-familiar-cada-hogar-puede-cambiar-una-historia","status":"publish","type":"post","link":"https:\/\/www.radioamigavallenar.cl\/?p=101770","title":{"rendered":"Funcionarios del INE en Atacama se informan sobre acogimiento familiar: \u201ccada hogar puede cambiar una historia\u201d"},"content":{"rendered":"<p>La actividad fue organizada por el Servicio de Protecci\u00f3n Especializada a la Ni\u00f1ez y Adolescencia, a trav\u00e9s de su Unidad de Familia, cuyas oficinas se encuentran ubicadas en el Mall Plaza Real, oficina 108 primer piso, donde las personas interesadas pueden acercarse para recibir orientaci\u00f3n e informaci\u00f3n sobre acogimiento familiar y adopci\u00f3n.<\/p>\n<p>Con una conversaci\u00f3n cercana, honesta y llena de sentido, la Unidad de Familia de la Direcci\u00f3n Regional del Servicio de Protecci\u00f3n Especializada a la Ni\u00f1ez y Adolescencia de Atacama realiz\u00f3 una charla dirigida a funcionarias y funcionarios del Instituto Nacional de Estad\u00edsticas (INE), abordando qu\u00e9 significa ser familia de acogida, derribando mitos y explicando las diferencias con la adopci\u00f3n. El encuentro estuvo encabezado por los directores regionales de ambas instituciones, C\u00e9sar Guzm\u00e1n D\u00edaz y Fernando del Pino Larzet.<\/p>\n<p>La instancia gener\u00f3 un alto inter\u00e9s entre las y los asistentes, quienes participaron activamente y valoraron la claridad de la informaci\u00f3n. Durante la jornada, se enfatiz\u00f3 que el acogimiento familiar es una medida temporal que permite a ni\u00f1os, ni\u00f1as y adolescentes vivir en un entorno protector mientras los Tribunales de Familia resuelven su situaci\u00f3n definitiva, ya sea el retorno con su familia de origen o la posibilidad de ser adoptados.<\/p>\n<p>En ese contexto, el director regional del Servicio de Protecci\u00f3n, C\u00e9sar Guzm\u00e1n, hizo un llamado directo a las instituciones p\u00fablicas a involucrarse en este desaf\u00edo: \u201cInvitamos a todos los servicios p\u00fablicos a hacerse parte de esta tarea. Es fundamental que quienes trabajan en el Estado conozcan qu\u00e9 significa ser familia de acogida y c\u00f3mo se diferencia de la adopci\u00f3n, porque tambi\u00e9n son agentes clave en la difusi\u00f3n. Hoy en Atacama tenemos m\u00e1s de 100 ni\u00f1os, ni\u00f1as y adolescentes en residencias que necesitan, con urgencia, una familia que los reciba de manera temporal y les entregue cuidado, contenci\u00f3n y afecto\u201d, se\u00f1al\u00f3.<\/p>\n<p>Uno de los puntos centrales de la charla fue precisamente aclarar la diferencia entre acogimiento y adopci\u00f3n, conceptos que muchas veces se confunden. Mientras la adopci\u00f3n implica un v\u00ednculo permanente, el acogimiento es un acto solidario y transitorio, profundamente necesario para el bienestar de la ni\u00f1ez que no puede permanecer, por distintos motivos, con su familia de origen.<\/p>\n<p>La recepci\u00f3n por parte de las y los funcionarios del INE fue ampliamente positiva. As\u00ed lo expres\u00f3 Paula Guerra, coordinadora regional del instituto, quien valor\u00f3 la instancia y comparti\u00f3 su reflexi\u00f3n personal: \u201cEs un tema que me interesa mucho. Me voy con muchas preguntas, pero tambi\u00e9n con motivaci\u00f3n. Quiero conversarlo con mi pareja y con mi hija de 6 a\u00f1os. M\u00e1s adelante, me gustar\u00eda ser familia de acogida, pero tambi\u00e9n prepararme bien para poder entregar un buen acogimiento\u201d, coment\u00f3.<\/p>\n<p>Desde el Servicio de Protecci\u00f3n destacaron que este tipo de espacios son fundamentales para ampliar la red de apoyo hacia la ni\u00f1ez, especialmente considerando la necesidad urgente de familias en la regi\u00f3n.<\/p>\n<p>Si te interesa conocer m\u00e1s sobre c\u00f3mo acoger o adoptar, y ser parte de un cambio real en la vida de un ni\u00f1o, ni\u00f1a o adolescente, puedes informarte en el sitio oficial del Servicio de Protecci\u00f3n Especializada a la Ni\u00f1ez y Adolescencia: www.servicioproteccion.gob.cll y , en sus oficinas en la comuna de Copiap\u00f3, que se encuentran ubicadas en el Mall Plaza Real, oficina 108, primer piso, donde las personas interesadas pueden acercarse para recibir orientaci\u00f3n e informaci\u00f3n sobre acogimiento familiar y adopci\u00f3n.<\/p>\n","protected":false},"excerpt":{"rendered":"<p>La actividad fue organizada por el Servicio de Protecci\u00f3n Especializada a la Ni\u00f1ez y Adolescencia, a trav\u00e9s de su Unidad de Familia, cuyas oficinas se&hellip; <\/p>\n","protected":false},"author":7,"featured_media":101771,"comment_status":"closed","ping_status":"closed","sticky":false,"template":"","format":"standard","meta":{"footnotes":""},"categories":[38],"tags":[],"class_list":["post-101770","post","type-post","status-publish","format-standard","has-post-thumbnail","hentry","category-portada-regional"],"_links":{"self":[{"href":"https:\/\/www.radioamigavallenar.cl\/index.php?rest_route=\/wp\/v2\/posts\/101770","targetHints":{"allow":["GET"]}}],"collection":[{"href":"https:\/\/www.radioamigavallenar.cl\/index.php?rest_route=\/wp\/v2\/posts"}],"about":[{"href":"https:\/\/www.radioamigavallenar.cl\/index.php?rest_route=\/wp\/v2\/types\/post"}],"author":[{"embeddable":true,"href":"https:\/\/www.radioamigavallenar.cl\/index.php?rest_route=\/wp\/v2\/users\/7"}],"replies":[{"embeddable":true,"href":"https:\/\/www.radioamigavallenar.cl\/index.php?rest_route=%2Fwp%2Fv2%2Fcomments&post=101770"}],"version-history":[{"count":1,"href":"https:\/\/www.radioamigavallenar.cl\/index.php?rest_route=\/wp\/v2\/posts\/101770\/revisions"}],"predecessor-version":[{"id":101772,"href":"https:\/\/www.radioamigavallenar.cl\/index.php?rest_route=\/wp\/v2\/posts\/101770\/revisions\/101772"}],"wp:featuredmedia":[{"embeddable":true,"href":"https:\/\/www.radioamigavallenar.cl\/index.php?rest_route=\/wp\/v2\/media\/101771"}],"wp:attachment":[{"href":"https:\/\/www.radioamigavallenar.cl\/index.php?rest_route=%2Fwp%2Fv2%2Fmedia&parent=101770"}],"wp:term":[{"taxonomy":"category","embeddable":true,"href":"https:\/\/www.radioamigavallenar.cl\/index.php?rest_route=%2Fwp%2Fv2%2Fcategories&post=101770"},{"taxonomy":"post_tag","embeddable":true,"href":"https:\/\/www.radioamigavallenar.cl\/index.php?rest_route=%2Fwp%2Fv2%2Ftags&post=101770"}],"curies":[{"name":"wp","href":"https:\/\/api.w.org\/{rel}","templated":true}]}}