{"id":101767,"date":"2026-04-27T10:13:25","date_gmt":"2026-04-27T14:13:25","guid":{"rendered":"https:\/\/www.radioamigavallenar.cl\/?p=101767"},"modified":"2026-04-27T10:13:25","modified_gmt":"2026-04-27T14:13:25","slug":"cuatro-proyectos-por-400-millones-de-dolares-entran-a-definicion-clave-por-el-comite-de-ministros","status":"publish","type":"post","link":"https:\/\/www.radioamigavallenar.cl\/?p=101767","title":{"rendered":"Cuatro proyectos por 400 millones de d\u00f3lares entran a definici\u00f3n clave por el Comit\u00e9 de Ministros"},"content":{"rendered":"<p>Una nueva sesi\u00f3n del<strong>\u00a0Comit\u00e9 de Ministros<\/strong>\u00a0se desarrollar\u00e1 este lunes, instancia clave del sistema de evaluaci\u00f3n ambiental que deber\u00e1 pronunciarse sobre\u00a0<strong>cuatro iniciativas que, en conjunto, comprometen inversiones por unos 400 millones de d\u00f3lares\u00a0<\/strong>y que mantienen controversias administrativas.<\/p>\n<p>De acuerdo con la citaci\u00f3n oficial del Servicio de Evaluaci\u00f3n Ambiental (SEA), la quinta sesi\u00f3n ordinaria de 2026 fue convocada para las 16:00 horas en dependencias del Ministerio del Medio Ambiente, incluyendo en tabla proyectos de miner\u00eda, energ\u00eda y obras p\u00fablicas que enfrentan distintos tipos de reclamaciones.<\/p>\n<p>Recordemos que la instancia es encabezada por la ministra del Medio Ambiente, Francisca Toledo; junto a sus pares de Salud, May Chomali; Econom\u00eda y Miner\u00eda, Daniel Mas; Agricultura, Jaime Campos; adem\u00e1s de la titular de Energ\u00eda, Ximena Rinc\u00f3n.<\/p>\n<h2 style=\"text-align: center;\">Proyectos en disputa y sus detalles<\/h2>\n<p>Entre las iniciativas que ser\u00e1n analizadas figura la\u00a0<strong>Planta de Producci\u00f3n de Sales de Potasio, SLM NX Uno de Peine,<\/strong> ubicada en la regi\u00f3n de Antofagasta y desarrollada por la Sociedad Legal Minera NX Uno de Peine.<\/p>\n<p>El proyecto busca producir sales de potasio en el Salar de Atacama, pero enfrenta una reclamaci\u00f3n presentada por su titular, lo que da cuenta de discrepancias con resoluciones previas del proceso ambiental.<\/p>\n<p>Tambi\u00e9n se revisar\u00e1n las\u00a0<strong>obras para control aluvional y de crecidas l\u00edquidas en la Quebrada de Ram\u00f3n,<\/strong>\u00a0en la regi\u00f3n Metropolitana, impulsadas por el Ministerio de Obras P\u00fablicas. Esta iniciativa apunta a mitigar riesgos de aluviones en zonas precordilleranas de Santiago, aunque fue objeto de reclamaciones vinculadas a la participaci\u00f3n ciudadana (PAC).<\/p>\n<p>As\u00ed tambi\u00e9n, en la regi\u00f3n de Valpara\u00edso, el Comit\u00e9 analizar\u00e1 el\u00a0<strong>proyecto Hidr\u00f3geno Verde Bah\u00eda de Quintero, de GNL Quintero S.A.,<\/strong>\u00a0orientado a la producci\u00f3n de combustibles limpios en una zona hist\u00f3ricamente impactada por actividades industriales. La iniciativa tambi\u00e9n enfrenta reclamaciones asociadas a observaciones ciudadanas dentro del proceso de evaluaci\u00f3n.<\/p>\n<p>Finalmente, se abordar\u00e1 el\u00a0<strong>Estudio de Impacto Ambiental de la nueva subestaci\u00f3n seccionadora Nueva Lagunas y la l\u00ednea de transmisi\u00f3n 2\u00d7500 kV Nueva Lagunas\u2013Kimal<\/strong>, de Interconexiones del Norte S.A., un proyecto energ\u00e9tico de car\u00e1cter interregional clave para el sistema el\u00e9ctrico. En este caso, existen reclamaciones tanto de la participaci\u00f3n ciudadana como del titular.<\/p>\n<h2 style=\"text-align: center;\">Presi\u00f3n por agilizar inversiones<\/h2>\n<p>Seg\u00fan antecedentes publicados,<strong>\u00a0estas iniciativas representan un volumen de inversi\u00f3n relevante \u2014que bordea los US$400 millones\u2014<\/strong> y reflejan el desaf\u00edo del Ejecutivo por destrabar proyectos con impacto econ\u00f3mico, pero que enfrentan cuestionamientos t\u00e9cnicos, ambientales y sociales.<\/p>\n<p>De hecho, esta sesi\u00f3n se enmarca en\u00a0<strong>la estrategia del Gobierno por acelerar la tramitaci\u00f3n de proyectos en el Sistema de Evaluaci\u00f3n de Impacto Ambiental (SEIA)<\/strong>, en un escenario donde el Comit\u00e9 de Ministros ha retomado protagonismo como instancia para resolver controversias.<\/p>\n<p>Cabe destacar que la resoluci\u00f3n de estos cuatro proyectos es seguida de cerca tanto por el sector privado como por comunidades y organizaciones ambientales, debido a su impacto territorial y a los precedentes que pueda sentar el Comit\u00e9 en materia de reclamaciones.<\/p>\n<p>As\u00ed, la jornada de este lunes aparece como un nuevo test para la capacidad del Ejecutivo de equilibrar el impulso a la inversi\u00f3n con las exigencias regulatorias, en medio de una cartera de proyectos que contin\u00faa generando debate en distintas regiones del pa\u00eds.<\/p>\n","protected":false},"excerpt":{"rendered":"<p>Una nueva sesi\u00f3n del\u00a0Comit\u00e9 de Ministros\u00a0se desarrollar\u00e1 este lunes, instancia clave del sistema de evaluaci\u00f3n ambiental que deber\u00e1 pronunciarse sobre\u00a0cuatro iniciativas que, en conjunto, comprometen&hellip; <\/p>\n","protected":false},"author":7,"featured_media":101768,"comment_status":"closed","ping_status":"closed","sticky":false,"template":"","format":"standard","meta":{"footnotes":""},"categories":[37],"tags":[],"class_list":["post-101767","post","type-post","status-publish","format-standard","has-post-thumbnail","hentry","category-nacional"],"_links":{"self":[{"href":"https:\/\/www.radioamigavallenar.cl\/index.php?rest_route=\/wp\/v2\/posts\/101767","targetHints":{"allow":["GET"]}}],"collection":[{"href":"https:\/\/www.radioamigavallenar.cl\/index.php?rest_route=\/wp\/v2\/posts"}],"about":[{"href":"https:\/\/www.radioamigavallenar.cl\/index.php?rest_route=\/wp\/v2\/types\/post"}],"author":[{"embeddable":true,"href":"https:\/\/www.radioamigavallenar.cl\/index.php?rest_route=\/wp\/v2\/users\/7"}],"replies":[{"embeddable":true,"href":"https:\/\/www.radioamigavallenar.cl\/index.php?rest_route=%2Fwp%2Fv2%2Fcomments&post=101767"}],"version-history":[{"count":1,"href":"https:\/\/www.radioamigavallenar.cl\/index.php?rest_route=\/wp\/v2\/posts\/101767\/revisions"}],"predecessor-version":[{"id":101769,"href":"https:\/\/www.radioamigavallenar.cl\/index.php?rest_route=\/wp\/v2\/posts\/101767\/revisions\/101769"}],"wp:featuredmedia":[{"embeddable":true,"href":"https:\/\/www.radioamigavallenar.cl\/index.php?rest_route=\/wp\/v2\/media\/101768"}],"wp:attachment":[{"href":"https:\/\/www.radioamigavallenar.cl\/index.php?rest_route=%2Fwp%2Fv2%2Fmedia&parent=101767"}],"wp:term":[{"taxonomy":"category","embeddable":true,"href":"https:\/\/www.radioamigavallenar.cl\/index.php?rest_route=%2Fwp%2Fv2%2Fcategories&post=101767"},{"taxonomy":"post_tag","embeddable":true,"href":"https:\/\/www.radioamigavallenar.cl\/index.php?rest_route=%2Fwp%2Fv2%2Ftags&post=101767"}],"curies":[{"name":"wp","href":"https:\/\/api.w.org\/{rel}","templated":true}]}}