{"id":101763,"date":"2026-04-27T00:01:44","date_gmt":"2026-04-27T04:01:44","guid":{"rendered":"https:\/\/www.radioamigavallenar.cl\/?p=101763"},"modified":"2026-04-26T22:41:31","modified_gmt":"2026-04-27T02:41:31","slug":"comunidades-diaguitas-del-huasco-avanzan-en-plan-de-revitalizacion-cultural-con-enfoque-territorial","status":"publish","type":"post","link":"https:\/\/www.radioamigavallenar.cl\/?p=101763","title":{"rendered":"Comunidades diaguitas del Huasco avanzan en plan de revitalizaci\u00f3n cultural con enfoque territorial"},"content":{"rendered":"<p data-pm-slice=\"1 1 []\">Encuentro realizado en Vallenar reuni\u00f3 a representantes de distintas comunas para aportar en la construcci\u00f3n de una hoja de ruta cultural para los pr\u00f3ximos a\u00f1os.<\/p>\n<p>En el Museo del Huasco se desarroll\u00f3 una jornada en el marco del Di\u00e1logo de Priorizaci\u00f3n Cultural Ind\u00edgena, instancia que convoc\u00f3 a representantes del pueblo Diaguita de las comunas de Vallenar, Freirina y Huasco, generando un espacio de participaci\u00f3n y encuentro desde los territorios, consigna Reportes Valles del Huasco.<\/p>\n<p>La actividad fue impulsada por la Subdirecci\u00f3n Nacional de Pueblos Originarios del Servicio Nacional del Patrimonio Cultural, en conjunto con la Ilustre Municipalidad de Vallenar, con el objetivo de recoger visiones, experiencias y propuestas que contribuyan a la elaboraci\u00f3n del Plan de Revitalizaci\u00f3n Cultural Ind\u00edgena 2026\u20132028.<\/p>\n<p>Durante la jornada se promovi\u00f3 un di\u00e1logo basado en el respeto y la colaboraci\u00f3n, donde se relev\u00f3 la importancia de fortalecer la identidad, rescatar pr\u00e1cticas ancestrales y potenciar la participaci\u00f3n activa de las comunidades, avanzando hacia una gesti\u00f3n cultural m\u00e1s inclusiva y con identidad territorial.<\/p>\n","protected":false},"excerpt":{"rendered":"<p>Encuentro realizado en Vallenar reuni\u00f3 a representantes de distintas comunas para aportar en la construcci\u00f3n de una hoja de ruta cultural para los pr\u00f3ximos a\u00f1os.&hellip; <\/p>\n","protected":false},"author":7,"featured_media":101764,"comment_status":"closed","ping_status":"closed","sticky":false,"template":"","format":"standard","meta":{"footnotes":""},"categories":[7],"tags":[],"class_list":["post-101763","post","type-post","status-publish","format-standard","has-post-thumbnail","hentry","category-atacama"],"_links":{"self":[{"href":"https:\/\/www.radioamigavallenar.cl\/index.php?rest_route=\/wp\/v2\/posts\/101763","targetHints":{"allow":["GET"]}}],"collection":[{"href":"https:\/\/www.radioamigavallenar.cl\/index.php?rest_route=\/wp\/v2\/posts"}],"about":[{"href":"https:\/\/www.radioamigavallenar.cl\/index.php?rest_route=\/wp\/v2\/types\/post"}],"author":[{"embeddable":true,"href":"https:\/\/www.radioamigavallenar.cl\/index.php?rest_route=\/wp\/v2\/users\/7"}],"replies":[{"embeddable":true,"href":"https:\/\/www.radioamigavallenar.cl\/index.php?rest_route=%2Fwp%2Fv2%2Fcomments&post=101763"}],"version-history":[{"count":1,"href":"https:\/\/www.radioamigavallenar.cl\/index.php?rest_route=\/wp\/v2\/posts\/101763\/revisions"}],"predecessor-version":[{"id":101765,"href":"https:\/\/www.radioamigavallenar.cl\/index.php?rest_route=\/wp\/v2\/posts\/101763\/revisions\/101765"}],"wp:featuredmedia":[{"embeddable":true,"href":"https:\/\/www.radioamigavallenar.cl\/index.php?rest_route=\/wp\/v2\/media\/101764"}],"wp:attachment":[{"href":"https:\/\/www.radioamigavallenar.cl\/index.php?rest_route=%2Fwp%2Fv2%2Fmedia&parent=101763"}],"wp:term":[{"taxonomy":"category","embeddable":true,"href":"https:\/\/www.radioamigavallenar.cl\/index.php?rest_route=%2Fwp%2Fv2%2Fcategories&post=101763"},{"taxonomy":"post_tag","embeddable":true,"href":"https:\/\/www.radioamigavallenar.cl\/index.php?rest_route=%2Fwp%2Fv2%2Ftags&post=101763"}],"curies":[{"name":"wp","href":"https:\/\/api.w.org\/{rel}","templated":true}]}}