{"id":101760,"date":"2026-04-27T00:02:36","date_gmt":"2026-04-27T04:02:36","guid":{"rendered":"https:\/\/www.radioamigavallenar.cl\/?p=101760"},"modified":"2026-04-27T00:04:35","modified_gmt":"2026-04-27T04:04:35","slug":"instalan-lomos-de-toro-y-municipio-proyecta-20-puntos-en-la-comuna-de-vallenar","status":"publish","type":"post","link":"https:\/\/www.radioamigavallenar.cl\/?p=101760","title":{"rendered":"Instalan lomos de toro y municipio proyecta 20 puntos en la comuna de Vallenar"},"content":{"rendered":"<p data-pm-slice=\"1 1 []\">La Municipalidad de Vallenar inici\u00f3 la instalaci\u00f3n de lomos de toro en la ciudad, comenzando con dos dispositivos en avenida Lautaro, sector poblaci\u00f3n Carrera, como parte de un plan que contempla 20 intervenciones durante el a\u00f1o.<\/p>\n<p>La medida busca reducir la velocidad de circulaci\u00f3n en zonas residenciales y mejorar la seguridad vial, especialmente en sectores con alto tr\u00e1nsito peatonal.<\/p>\n<p>Tras el anuncio, vecinos han comenzado a plantear a trav\u00e9s de redes sociales distintos puntos donde consideran necesaria la instalaci\u00f3n de estos dispositivos. Sin embargo, desde el punto de vista t\u00e9cnico y administrativo, este tipo de obras no se ejecuta por solicitudes informales, sino que responde a un proceso regulado.<\/p>\n<h2 style=\"text-align: center;\"><strong>Instalaci\u00f3n con criterios t\u00e9cnicos<\/strong><\/h2>\n<p>La implementaci\u00f3n de lomos de toro debe cumplir con normativas de tr\u00e1nsito vigentes, que consideran factores como flujo vehicular, velocidad promedio, cercan\u00eda a establecimientos educacionales, registros de accidentes y condiciones de la v\u00eda. Adem\u00e1s, su dise\u00f1o y ubicaci\u00f3n deben ser evaluados por equipos t\u00e9cnicos municipales y, en algunos casos, coordinados con organismos como la Direcci\u00f3n de Tr\u00e1nsito.<\/p>\n<h2 style=\"text-align: center;\"><strong>C\u00f3mo solicitar intervenciones<\/strong><\/h2>\n<p>Para que una solicitud sea considerada formalmente, vecinos o juntas de vecinos deben ingresarla a trav\u00e9s de canales oficiales como la Oficina de Partes del municipio, cartas formales o instancias de participaci\u00f3n comunitaria. Esto permite que la petici\u00f3n sea evaluada, priorizada y eventualmente incorporada en la planificaci\u00f3n comunal.<\/p>\n<p>Las autoridades han recalcado que la participaci\u00f3n ciudadana es clave, pero debe canalizarse por las v\u00edas correspondientes para asegurar que las decisiones respondan a criterios t\u00e9cnicos, equidad territorial y disponibilidad presupuestaria.<\/p>\n<p>El plan continuar\u00e1 desarroll\u00e1ndose durante el a\u00f1o en distintos sectores de la comuna, con el objetivo de mejorar la seguridad en las calles y reducir conductas de riesgo al volante.<\/p>\n","protected":false},"excerpt":{"rendered":"<p>La Municipalidad de Vallenar inici\u00f3 la instalaci\u00f3n de lomos de toro en la ciudad, comenzando con dos dispositivos en avenida Lautaro, sector poblaci\u00f3n Carrera, como&hellip; <\/p>\n","protected":false},"author":7,"featured_media":101761,"comment_status":"closed","ping_status":"closed","sticky":false,"template":"","format":"standard","meta":{"footnotes":""},"categories":[7],"tags":[],"class_list":["post-101760","post","type-post","status-publish","format-standard","has-post-thumbnail","hentry","category-atacama"],"_links":{"self":[{"href":"https:\/\/www.radioamigavallenar.cl\/index.php?rest_route=\/wp\/v2\/posts\/101760","targetHints":{"allow":["GET"]}}],"collection":[{"href":"https:\/\/www.radioamigavallenar.cl\/index.php?rest_route=\/wp\/v2\/posts"}],"about":[{"href":"https:\/\/www.radioamigavallenar.cl\/index.php?rest_route=\/wp\/v2\/types\/post"}],"author":[{"embeddable":true,"href":"https:\/\/www.radioamigavallenar.cl\/index.php?rest_route=\/wp\/v2\/users\/7"}],"replies":[{"embeddable":true,"href":"https:\/\/www.radioamigavallenar.cl\/index.php?rest_route=%2Fwp%2Fv2%2Fcomments&post=101760"}],"version-history":[{"count":1,"href":"https:\/\/www.radioamigavallenar.cl\/index.php?rest_route=\/wp\/v2\/posts\/101760\/revisions"}],"predecessor-version":[{"id":101762,"href":"https:\/\/www.radioamigavallenar.cl\/index.php?rest_route=\/wp\/v2\/posts\/101760\/revisions\/101762"}],"wp:featuredmedia":[{"embeddable":true,"href":"https:\/\/www.radioamigavallenar.cl\/index.php?rest_route=\/wp\/v2\/media\/101761"}],"wp:attachment":[{"href":"https:\/\/www.radioamigavallenar.cl\/index.php?rest_route=%2Fwp%2Fv2%2Fmedia&parent=101760"}],"wp:term":[{"taxonomy":"category","embeddable":true,"href":"https:\/\/www.radioamigavallenar.cl\/index.php?rest_route=%2Fwp%2Fv2%2Fcategories&post=101760"},{"taxonomy":"post_tag","embeddable":true,"href":"https:\/\/www.radioamigavallenar.cl\/index.php?rest_route=%2Fwp%2Fv2%2Ftags&post=101760"}],"curies":[{"name":"wp","href":"https:\/\/api.w.org\/{rel}","templated":true}]}}