{"id":101757,"date":"2026-04-27T00:00:19","date_gmt":"2026-04-27T04:00:19","guid":{"rendered":"https:\/\/www.radioamigavallenar.cl\/?p=101757"},"modified":"2026-04-26T22:38:56","modified_gmt":"2026-04-27T02:38:56","slug":"urban-fest-vol-3-lleno-de-talento-y-cultura-urbana-el-escenario-en-vallenar","status":"publish","type":"post","link":"https:\/\/www.radioamigavallenar.cl\/?p=101757","title":{"rendered":"Urban Fest Vol. 3 llen\u00f3 de talento y cultura urbana el escenario en Vallenar"},"content":{"rendered":"<p data-pm-slice=\"1 1 []\">La tercera versi\u00f3n del evento reuni\u00f3 a j\u00f3venes exponentes del freestyle en una jornada marcada por la energ\u00eda, la competencia y el impulso al talento local.<\/p>\n<p>Con una alta convocatoria y un ambiente cargado de ritmo y expresi\u00f3n, se desarroll\u00f3 en Vallenar la Urban Fest Vol. 3, instancia que reuni\u00f3 a ocho freestylers locales en una competencia que destac\u00f3 por su nivel y desplante esc\u00e9nico, consigna Reportes Valles del Huasco.<\/p>\n<p>La jornada cont\u00f3 con la presencia del alcalde V\u00edctor Isla Lutz y tuvo como ganador a Dalto HDP, quien se impuso en las batallas demostrando fluidez y dominio en cada enfrentamiento.<\/p>\n<p>El cierre estuvo marcado por un enfrentamiento final que reuni\u00f3 a todos los competidores junto a exponentes invitados como Nitro y Stigma, culminando con la presentaci\u00f3n de Mito Clan, elevando el nivel del evento y conectando con el p\u00fablico presente.<\/p>\n<p>La actividad fue organizada por el Departamento de Gesti\u00f3n Territorial a trav\u00e9s de la Unidad de J\u00f3venes, en conjunto con Freestyle Liga Vallenar, consolid\u00e1ndose como un espacio para promover la cultura urbana, la participaci\u00f3n juvenil y el desarrollo de talentos locales.<\/p>\n","protected":false},"excerpt":{"rendered":"<p>La tercera versi\u00f3n del evento reuni\u00f3 a j\u00f3venes exponentes del freestyle en una jornada marcada por la energ\u00eda, la competencia y el impulso al talento&hellip; <\/p>\n","protected":false},"author":7,"featured_media":101758,"comment_status":"closed","ping_status":"closed","sticky":false,"template":"","format":"standard","meta":{"footnotes":""},"categories":[7],"tags":[],"class_list":["post-101757","post","type-post","status-publish","format-standard","has-post-thumbnail","hentry","category-atacama"],"_links":{"self":[{"href":"https:\/\/www.radioamigavallenar.cl\/index.php?rest_route=\/wp\/v2\/posts\/101757","targetHints":{"allow":["GET"]}}],"collection":[{"href":"https:\/\/www.radioamigavallenar.cl\/index.php?rest_route=\/wp\/v2\/posts"}],"about":[{"href":"https:\/\/www.radioamigavallenar.cl\/index.php?rest_route=\/wp\/v2\/types\/post"}],"author":[{"embeddable":true,"href":"https:\/\/www.radioamigavallenar.cl\/index.php?rest_route=\/wp\/v2\/users\/7"}],"replies":[{"embeddable":true,"href":"https:\/\/www.radioamigavallenar.cl\/index.php?rest_route=%2Fwp%2Fv2%2Fcomments&post=101757"}],"version-history":[{"count":1,"href":"https:\/\/www.radioamigavallenar.cl\/index.php?rest_route=\/wp\/v2\/posts\/101757\/revisions"}],"predecessor-version":[{"id":101759,"href":"https:\/\/www.radioamigavallenar.cl\/index.php?rest_route=\/wp\/v2\/posts\/101757\/revisions\/101759"}],"wp:featuredmedia":[{"embeddable":true,"href":"https:\/\/www.radioamigavallenar.cl\/index.php?rest_route=\/wp\/v2\/media\/101758"}],"wp:attachment":[{"href":"https:\/\/www.radioamigavallenar.cl\/index.php?rest_route=%2Fwp%2Fv2%2Fmedia&parent=101757"}],"wp:term":[{"taxonomy":"category","embeddable":true,"href":"https:\/\/www.radioamigavallenar.cl\/index.php?rest_route=%2Fwp%2Fv2%2Fcategories&post=101757"},{"taxonomy":"post_tag","embeddable":true,"href":"https:\/\/www.radioamigavallenar.cl\/index.php?rest_route=%2Fwp%2Fv2%2Ftags&post=101757"}],"curies":[{"name":"wp","href":"https:\/\/api.w.org\/{rel}","templated":true}]}}