{"id":101751,"date":"2026-04-27T00:00:59","date_gmt":"2026-04-27T04:00:59","guid":{"rendered":"https:\/\/www.radioamigavallenar.cl\/?p=101751"},"modified":"2026-04-26T22:35:40","modified_gmt":"2026-04-27T02:35:40","slug":"gobierno-regional-e-indap-concretan-tercera-entrega-de-equipamiento-a-agricultores-y-crianceros-de-atacama","status":"publish","type":"post","link":"https:\/\/www.radioamigavallenar.cl\/?p=101751","title":{"rendered":"Gobierno Regional e INDAP concretan tercera entrega de equipamiento a agricultores y crianceros de Atacama"},"content":{"rendered":"<p data-pm-slice=\"1 1 []\">Dicha instancia forma parte de los programas \u201cTransferencia Tecnol\u00f3gica, Capacitaci\u00f3n e Inversi\u00f3n Productiva de Apoyo al Rubro Crianceros\u201d y \u201cTransferencia Tecnol\u00f3gica e Inversi\u00f3n Productiva en Apoyo a la AFCI\u201d.<\/p>\n<p>Con el objetivo de fortalecer la producci\u00f3n local y mejorar la calidad de vida de las familias rurales, el Gobierno Regional de Atacama, junto al Instituto de Desarrollo Agropecuario (INDAP), concret\u00f3 una significativa entrega de equipamiento a agricultores y crianceros de la provincia de Huasco, en el marco de los programas \u201cTransferencia Tecnol\u00f3gica, Capacitaci\u00f3n e Inversi\u00f3n Productiva de Apoyo al Rubro Crianceros\u201d y \u201cTransferencia Tecnol\u00f3gica e Inversi\u00f3n Productiva en Apoyo a la AFCI\u201d.<\/p>\n<p>La iniciativa beneficia directamente a 800 familias de la agricultura familiar campesina y a 440 familias del mundo criancero, promoviendo la incorporaci\u00f3n de tecnolog\u00eda, el aumento de la eficiencia productiva y el desarrollo de pr\u00e1cticas sustentables en el territorio, consolidando el compromiso del Gobierno Regional con el mundo rural.<\/p>\n<p>Esta 3.\u00aa entrega forma parte de la primera etapa de ambos programas, en la cual ya se han invertido m\u00e1s de 121 millones de pesos en equipamiento, incluyendo una amplia variedad de herramientas e implementos destinados a potenciar distintos rubros productivos en las comunas de Copiap\u00f3, Vallenar, Alto del Carmen, Freirina y Huasco.<\/p>\n<p>Entre las personas beneficiadas destacan experiencias como la de Mar\u00eda Macaya, del sector Quebrada El Corral en Alto del Carmen, a quien se le entregaron 03 arados de discos reversibles; Deysa Flores, de Camarones Sur en Huasco, quien adquiri\u00f3 01 cuatrimoto para fortalecer sus labores agr\u00edcolas; Solange Araya, de Canto del Agua, quien obtuvo un rotovator y encamadora; asimismo Claudio Pasten junto a Zoila Villegas, de Freirina, quienes incorporaron un tractor con implementos de labranza y \u00c1ngel Padilla, del sector Toledo en Copiap\u00f3, quien accedi\u00f3 a un arado cincel de 7 puntas y una rastra de 20 discos.<\/p>\n<p>El gobernador regional de Atacama, Miguel Vargas Correa, valor\u00f3 esta entrega se\u00f1alando que \u201cestamos muy contentos porque es una contribuci\u00f3n concreta al desarrollo y fortalecimiento de la peque\u00f1a agricultura familiar campesina. Sabemos que hacer agricultura es dif\u00edcil, requiere recursos, maquinaria y apoyo permanente. Con este programa buscamos justamente eso: entregar herramientas para que la actividad se mantenga, sea competitiva y aumente su productividad\u201d.<\/p>\n<p>La autoridad agreg\u00f3 que \u201cqueremos que la agricultura no muera, que siga siendo un motor para la econom\u00eda regional. Nos pone muy felices poder apoyar a familias que viven en sectores apartados del Valle del Huasco y reconocer a quienes hacen patria en el mundo rural, sacando adelante su trabajo en condiciones muchas veces adversas\u201d.<\/p>\n<p>Por su parte, Paola Torres, Directora Regional de INDAP Atacama, indic\u00f3: \u00abComo Gobierno e INDAP estamos muy contentos de poder entregar estos proyectos que forman parte de la primera entrega de estos incentivos ac\u00e1 en Vallenar para nuestros peque\u00f1os productores\u00bb La agricultura familiar en Atacama enfrenta desaf\u00edos hist\u00f3ricos debido a la escasez h\u00eddrica, la competencia por los recursos y las condiciones extremas del desierto; por esto, con este convenio con el Gobierno Regional de Atacama, estamos permitiendo que m\u00e1s de 800 familias sigan contribuyendo a dar seguridad alimentaria\u00bb.<\/p>\n<p>Desde el mundo beneficiado, Mar\u00eda Macaya expres\u00f3 su emoci\u00f3n por este apoyo, destacando que \u201ceste arado es algo que esper\u00e9 por muchos a\u00f1os. Mis terrenos son muy duros, especialmente despu\u00e9s del aluvi\u00f3n de 2017, y esta maquinaria me permitir\u00e1 recuperar la tierra y mejorar mi producci\u00f3n. Estoy muy agradecida al Gobierno Regional por esta oportunidad que nos permite seguir adelante\u201d.<\/p>\n<p>En tanto, \u00c1ngel Padilla subray\u00f3 el impacto concreto de estas herramientas en su trabajo diario: \u201cEsta maquinaria nos permite avanzar, trabajar mejor la tierra y dejar atr\u00e1s pr\u00e1cticas m\u00e1s antiguas. Sin este apoyo ser\u00eda muy dif\u00edcil progresar. Hoy vemos que s\u00ed hay ayuda real para que los agricultores podamos salir adelante\u201d.<\/p>\n<p>Con esta entrega, el Gobierno Regional de Atacama reafirma su compromiso con el fortalecimiento de los sectores productivos, impulsando una agricultura m\u00e1s moderna, sustentable y con mayores oportunidades para las familias del territorio.<\/p>\n","protected":false},"excerpt":{"rendered":"<p>Dicha instancia forma parte de los programas \u201cTransferencia Tecnol\u00f3gica, Capacitaci\u00f3n e Inversi\u00f3n Productiva de Apoyo al Rubro Crianceros\u201d y \u201cTransferencia Tecnol\u00f3gica e Inversi\u00f3n Productiva en&hellip; <\/p>\n","protected":false},"author":7,"featured_media":101752,"comment_status":"closed","ping_status":"closed","sticky":false,"template":"","format":"standard","meta":{"footnotes":""},"categories":[38],"tags":[],"class_list":["post-101751","post","type-post","status-publish","format-standard","has-post-thumbnail","hentry","category-portada-regional"],"_links":{"self":[{"href":"https:\/\/www.radioamigavallenar.cl\/index.php?rest_route=\/wp\/v2\/posts\/101751","targetHints":{"allow":["GET"]}}],"collection":[{"href":"https:\/\/www.radioamigavallenar.cl\/index.php?rest_route=\/wp\/v2\/posts"}],"about":[{"href":"https:\/\/www.radioamigavallenar.cl\/index.php?rest_route=\/wp\/v2\/types\/post"}],"author":[{"embeddable":true,"href":"https:\/\/www.radioamigavallenar.cl\/index.php?rest_route=\/wp\/v2\/users\/7"}],"replies":[{"embeddable":true,"href":"https:\/\/www.radioamigavallenar.cl\/index.php?rest_route=%2Fwp%2Fv2%2Fcomments&post=101751"}],"version-history":[{"count":1,"href":"https:\/\/www.radioamigavallenar.cl\/index.php?rest_route=\/wp\/v2\/posts\/101751\/revisions"}],"predecessor-version":[{"id":101753,"href":"https:\/\/www.radioamigavallenar.cl\/index.php?rest_route=\/wp\/v2\/posts\/101751\/revisions\/101753"}],"wp:featuredmedia":[{"embeddable":true,"href":"https:\/\/www.radioamigavallenar.cl\/index.php?rest_route=\/wp\/v2\/media\/101752"}],"wp:attachment":[{"href":"https:\/\/www.radioamigavallenar.cl\/index.php?rest_route=%2Fwp%2Fv2%2Fmedia&parent=101751"}],"wp:term":[{"taxonomy":"category","embeddable":true,"href":"https:\/\/www.radioamigavallenar.cl\/index.php?rest_route=%2Fwp%2Fv2%2Fcategories&post=101751"},{"taxonomy":"post_tag","embeddable":true,"href":"https:\/\/www.radioamigavallenar.cl\/index.php?rest_route=%2Fwp%2Fv2%2Ftags&post=101751"}],"curies":[{"name":"wp","href":"https:\/\/api.w.org\/{rel}","templated":true}]}}