{"id":101748,"date":"2026-04-27T00:01:51","date_gmt":"2026-04-27T04:01:51","guid":{"rendered":"https:\/\/www.radioamigavallenar.cl\/?p=101748"},"modified":"2026-04-26T22:34:29","modified_gmt":"2026-04-27T02:34:29","slug":"millonario-proyecto-minero-en-atacama-apunta-a-empleo-desarrollo-y-resguardo-ambiental-en-la-cordillera-del-huasco","status":"publish","type":"post","link":"https:\/\/www.radioamigavallenar.cl\/?p=101748","title":{"rendered":"Millonario proyecto minero en Atacama apunta a empleo, desarrollo y resguardo ambiental en la cordillera del Huasco"},"content":{"rendered":"<p>Una inversi\u00f3n de US$140 millones ingres\u00f3 a evaluaci\u00f3n ambiental en la Regi\u00f3n de Atacama, enfocada en el desarrollo de un ambicioso proyecto de prospecci\u00f3n minera en el sector cordillerano de Valeriano, en la provincia del Huasco, iniciativa que podr\u00eda impactar directamente en empleo y actividad econ\u00f3mica para comunas como Vallenar y Alto del Carmen.<\/p>\n<p>El proyecto contempla la ejecuci\u00f3n de 77 sondajes en alta cordillera, a m\u00e1s de 4.200 metros de altura, con el objetivo de delimitar un sistema tipo p\u00f3rfido de cobre y oro, uno de los modelos geol\u00f3gicos m\u00e1s relevantes a nivel mundial para este tipo de minerales.<\/p>\n<p>La iniciativa se desarrollar\u00e1 en un periodo estimado de seis a\u00f1os y considera una importante presencia de mano de obra, pudiendo alcanzar hasta 300 trabajadores en los momentos de mayor actividad, lo que abre expectativas en materia de empleo local y encadenamiento productivo en la zona, consigna Reportes Valles del Huasco en base a los antecedentes del ingreso ambiental.<\/p>\n<p>El acceso al \u00e1rea se realizar\u00e1 a trav\u00e9s de la ruta C-495, junto a caminos existentes y proyectados, en una zona de dif\u00edcil geograf\u00eda que forma parte de la subcuenca del r\u00edo Tr\u00e1nsito, territorio clave para las comunidades del valle.<\/p>\n<p>En ese contexto, uno de los puntos centrales del proyecto es el equilibrio entre desarrollo y protecci\u00f3n del entorno, ya que el \u00e1rea presenta condiciones ambientales sensibles, incluyendo biodiversidad de alta monta\u00f1a, recursos h\u00eddricos, presencia de glaciares y patrimonio arqueol\u00f3gico.<\/p>\n<p>El proceso de evaluaci\u00f3n ambiental ser\u00e1 determinante para definir la viabilidad de la iniciativa, donde se deber\u00e1n abordar aspectos t\u00e9cnicos, sociales y medioambientales, en una discusi\u00f3n que no solo involucra inversi\u00f3n y crecimiento, sino tambi\u00e9n el resguardo del territorio y su proyecci\u00f3n futura.<\/p>\n","protected":false},"excerpt":{"rendered":"<p>Una inversi\u00f3n de US$140 millones ingres\u00f3 a evaluaci\u00f3n ambiental en la Regi\u00f3n de Atacama, enfocada en el desarrollo de un ambicioso proyecto de prospecci\u00f3n minera&hellip; <\/p>\n","protected":false},"author":7,"featured_media":101749,"comment_status":"closed","ping_status":"closed","sticky":false,"template":"","format":"standard","meta":{"footnotes":""},"categories":[7],"tags":[],"class_list":["post-101748","post","type-post","status-publish","format-standard","has-post-thumbnail","hentry","category-atacama"],"_links":{"self":[{"href":"https:\/\/www.radioamigavallenar.cl\/index.php?rest_route=\/wp\/v2\/posts\/101748","targetHints":{"allow":["GET"]}}],"collection":[{"href":"https:\/\/www.radioamigavallenar.cl\/index.php?rest_route=\/wp\/v2\/posts"}],"about":[{"href":"https:\/\/www.radioamigavallenar.cl\/index.php?rest_route=\/wp\/v2\/types\/post"}],"author":[{"embeddable":true,"href":"https:\/\/www.radioamigavallenar.cl\/index.php?rest_route=\/wp\/v2\/users\/7"}],"replies":[{"embeddable":true,"href":"https:\/\/www.radioamigavallenar.cl\/index.php?rest_route=%2Fwp%2Fv2%2Fcomments&post=101748"}],"version-history":[{"count":1,"href":"https:\/\/www.radioamigavallenar.cl\/index.php?rest_route=\/wp\/v2\/posts\/101748\/revisions"}],"predecessor-version":[{"id":101750,"href":"https:\/\/www.radioamigavallenar.cl\/index.php?rest_route=\/wp\/v2\/posts\/101748\/revisions\/101750"}],"wp:featuredmedia":[{"embeddable":true,"href":"https:\/\/www.radioamigavallenar.cl\/index.php?rest_route=\/wp\/v2\/media\/101749"}],"wp:attachment":[{"href":"https:\/\/www.radioamigavallenar.cl\/index.php?rest_route=%2Fwp%2Fv2%2Fmedia&parent=101748"}],"wp:term":[{"taxonomy":"category","embeddable":true,"href":"https:\/\/www.radioamigavallenar.cl\/index.php?rest_route=%2Fwp%2Fv2%2Fcategories&post=101748"},{"taxonomy":"post_tag","embeddable":true,"href":"https:\/\/www.radioamigavallenar.cl\/index.php?rest_route=%2Fwp%2Fv2%2Ftags&post=101748"}],"curies":[{"name":"wp","href":"https:\/\/api.w.org\/{rel}","templated":true}]}}