{"id":101745,"date":"2026-04-27T00:01:40","date_gmt":"2026-04-27T04:01:40","guid":{"rendered":"https:\/\/www.radioamigavallenar.cl\/?p=101745"},"modified":"2026-04-26T22:33:18","modified_gmt":"2026-04-27T02:33:18","slug":"freirina-habilita-nuevo-espacio-comunitario-en-maitencillo-y-refuerza-mejoras-en-borde-de-rio","status":"publish","type":"post","link":"https:\/\/www.radioamigavallenar.cl\/?p=101745","title":{"rendered":"Freirina habilita nuevo espacio comunitario en Maitencillo y refuerza mejoras en borde de r\u00edo"},"content":{"rendered":"<p data-pm-slice=\"1 1 []\">La Municipalidad de Freirina concret\u00f3 nuevas obras en el sector de Maitencillo, donde se habilit\u00f3 un espacio comunitario en la ribera del r\u00edo, pensado para el encuentro familiar y la recreaci\u00f3n de vecinos y visitantes.<\/p>\n<p>El proyecto incluye la instalaci\u00f3n de sombreaderos, un quincho y receptores de basura, infraestructura que busca mejorar las condiciones del lugar y fomentar su uso responsable, especialmente durante la temporada estival.<\/p>\n<p>Estas obras se suman a intervenciones ya realizadas en otros puntos del borde del r\u00edo, como el sector de Los Guindos y el entorno cercano al Estadio Municipal, consolidando una red de espacios p\u00fablicos destinados a la comunidad.<\/p>\n<p>El alcalde Fernando Ruhl destac\u00f3 la importancia de continuar recuperando estos sectores, se\u00f1alando que el objetivo es avanzar de manera progresiva en nuevas mejoras, seg\u00fan las necesidades que planteen los propios vecinos.<\/p>\n<p>Desde la comunidad, dirigentas del sector valoraron la iniciativa, destacando que este tipo de espacios permite a las familias contar con lugares adecuados para compartir y recrearse.<\/p>\n<p>Junto con ello, se realiz\u00f3 un llamado a la comunidad a cuidar las instalaciones, mantener la limpieza del entorno y evitar arrojar residuos al r\u00edo, considerando que es un espacio utilizado especialmente por ni\u00f1os y familias.<\/p>\n<p>Las autoridades reiteraron que el resguardo de estos espacios es fundamental para asegurar su uso a largo plazo y seguir fortaleciendo la vida comunitaria en el sector.<\/p>\n","protected":false},"excerpt":{"rendered":"<p>La Municipalidad de Freirina concret\u00f3 nuevas obras en el sector de Maitencillo, donde se habilit\u00f3 un espacio comunitario en la ribera del r\u00edo, pensado para&hellip; <\/p>\n","protected":false},"author":7,"featured_media":101746,"comment_status":"closed","ping_status":"closed","sticky":false,"template":"","format":"standard","meta":{"footnotes":""},"categories":[7],"tags":[],"class_list":["post-101745","post","type-post","status-publish","format-standard","has-post-thumbnail","hentry","category-atacama"],"_links":{"self":[{"href":"https:\/\/www.radioamigavallenar.cl\/index.php?rest_route=\/wp\/v2\/posts\/101745","targetHints":{"allow":["GET"]}}],"collection":[{"href":"https:\/\/www.radioamigavallenar.cl\/index.php?rest_route=\/wp\/v2\/posts"}],"about":[{"href":"https:\/\/www.radioamigavallenar.cl\/index.php?rest_route=\/wp\/v2\/types\/post"}],"author":[{"embeddable":true,"href":"https:\/\/www.radioamigavallenar.cl\/index.php?rest_route=\/wp\/v2\/users\/7"}],"replies":[{"embeddable":true,"href":"https:\/\/www.radioamigavallenar.cl\/index.php?rest_route=%2Fwp%2Fv2%2Fcomments&post=101745"}],"version-history":[{"count":1,"href":"https:\/\/www.radioamigavallenar.cl\/index.php?rest_route=\/wp\/v2\/posts\/101745\/revisions"}],"predecessor-version":[{"id":101747,"href":"https:\/\/www.radioamigavallenar.cl\/index.php?rest_route=\/wp\/v2\/posts\/101745\/revisions\/101747"}],"wp:featuredmedia":[{"embeddable":true,"href":"https:\/\/www.radioamigavallenar.cl\/index.php?rest_route=\/wp\/v2\/media\/101746"}],"wp:attachment":[{"href":"https:\/\/www.radioamigavallenar.cl\/index.php?rest_route=%2Fwp%2Fv2%2Fmedia&parent=101745"}],"wp:term":[{"taxonomy":"category","embeddable":true,"href":"https:\/\/www.radioamigavallenar.cl\/index.php?rest_route=%2Fwp%2Fv2%2Fcategories&post=101745"},{"taxonomy":"post_tag","embeddable":true,"href":"https:\/\/www.radioamigavallenar.cl\/index.php?rest_route=%2Fwp%2Fv2%2Ftags&post=101745"}],"curies":[{"name":"wp","href":"https:\/\/api.w.org\/{rel}","templated":true}]}}