{"id":101742,"date":"2026-04-27T00:00:09","date_gmt":"2026-04-27T04:00:09","guid":{"rendered":"https:\/\/www.radioamigavallenar.cl\/?p=101742"},"modified":"2026-04-26T22:30:55","modified_gmt":"2026-04-27T02:30:55","slug":"alcalde-de-vallenar-advierte-escalada-de-hechos-de-violencia-y-pide-medidas-urgentes-tras-aparicion-de-joven-perdido-en-vallenar","status":"publish","type":"post","link":"https:\/\/www.radioamigavallenar.cl\/?p=101742","title":{"rendered":"Alcalde de Vallenar advierte escalada de hechos de violencia y pide medidas urgentes tras aparici\u00f3n de joven perdido en Vallenar"},"content":{"rendered":"<p data-pm-slice=\"1 1 []\">En el Hospital Provincial del Huasco y en estado de gravedad por golpes, apareci\u00f3 el joven que gener\u00f3 amplio despliegue en la ciudad.<\/p>\n<p>Un llamado urgente a reforzar la seguridad realiz\u00f3 el alcalde de Vallenar, V\u00edctor Isla, tras una seguidilla de hechos que han marcado los \u00faltimos d\u00edas en la comuna, entre ellos una balacera el fin de semana pasado, altercados en establecimientos educacionales y la desaparici\u00f3n de un joven que posteriormente fue encontrado en estado grave.<\/p>\n<p>En ese contexto, la autoridad manifest\u00f3 que \u201cla delincuencia est\u00e1 desatada en el pa\u00eds y en Vallenar tambi\u00e9n\u201d, agregando que el municipio no cuenta con las herramientas suficientes para enfrentar por s\u00ed solo este escenario. Asimismo, solicit\u00f3 al Gobierno la implementaci\u00f3n de medidas excepcionales, se\u00f1alando la necesidad de reforzar el control del orden p\u00fablico a nivel nacional.<\/p>\n<p>Sus declaraciones se producen luego de la intensa b\u00fasqueda de Pedro Ceriche, caso que gener\u00f3 preocupaci\u00f3n en la comunidad y moviliz\u00f3 a familiares, vecinos y equipos municipales en distintos sectores de la ciudad, especialmente en el \u00e1rea de Baquedano, donde se concentraron diligencias tras la gravedad de los antecedentes aportados por cercanos.<\/p>\n<p>De acuerdo a la informaci\u00f3n recabada por Reportes Valles del Huasco, el joven hab\u00eda sido visto por \u00faltima vez durante la tarde, lo que activ\u00f3 una r\u00e1pida difusi\u00f3n en redes sociales y el despliegue de Seguridad Ciudadana en apoyo a la familia. Horas m\u00e1s tarde, se confirm\u00f3 que fue encontrado con lesiones de gravedad en el hospital provincial.<\/p>\n<p>La situaci\u00f3n ha reabierto el debate sobre las condiciones de seguridad en la comuna, donde autoridades locales insisten en la necesidad de fortalecer la coordinaci\u00f3n con organismos centrales y avanzar en medidas concretas que permitan entregar mayor tranquilidad a la poblaci\u00f3n, especialmente a ni\u00f1os, ni\u00f1as y j\u00f3venes.<\/p>\n","protected":false},"excerpt":{"rendered":"<p>En el Hospital Provincial del Huasco y en estado de gravedad por golpes, apareci\u00f3 el joven que gener\u00f3 amplio despliegue en la ciudad. Un llamado&hellip; <\/p>\n","protected":false},"author":7,"featured_media":101743,"comment_status":"closed","ping_status":"closed","sticky":false,"template":"","format":"standard","meta":{"footnotes":""},"categories":[7],"tags":[],"class_list":["post-101742","post","type-post","status-publish","format-standard","has-post-thumbnail","hentry","category-atacama"],"_links":{"self":[{"href":"https:\/\/www.radioamigavallenar.cl\/index.php?rest_route=\/wp\/v2\/posts\/101742","targetHints":{"allow":["GET"]}}],"collection":[{"href":"https:\/\/www.radioamigavallenar.cl\/index.php?rest_route=\/wp\/v2\/posts"}],"about":[{"href":"https:\/\/www.radioamigavallenar.cl\/index.php?rest_route=\/wp\/v2\/types\/post"}],"author":[{"embeddable":true,"href":"https:\/\/www.radioamigavallenar.cl\/index.php?rest_route=\/wp\/v2\/users\/7"}],"replies":[{"embeddable":true,"href":"https:\/\/www.radioamigavallenar.cl\/index.php?rest_route=%2Fwp%2Fv2%2Fcomments&post=101742"}],"version-history":[{"count":1,"href":"https:\/\/www.radioamigavallenar.cl\/index.php?rest_route=\/wp\/v2\/posts\/101742\/revisions"}],"predecessor-version":[{"id":101744,"href":"https:\/\/www.radioamigavallenar.cl\/index.php?rest_route=\/wp\/v2\/posts\/101742\/revisions\/101744"}],"wp:featuredmedia":[{"embeddable":true,"href":"https:\/\/www.radioamigavallenar.cl\/index.php?rest_route=\/wp\/v2\/media\/101743"}],"wp:attachment":[{"href":"https:\/\/www.radioamigavallenar.cl\/index.php?rest_route=%2Fwp%2Fv2%2Fmedia&parent=101742"}],"wp:term":[{"taxonomy":"category","embeddable":true,"href":"https:\/\/www.radioamigavallenar.cl\/index.php?rest_route=%2Fwp%2Fv2%2Fcategories&post=101742"},{"taxonomy":"post_tag","embeddable":true,"href":"https:\/\/www.radioamigavallenar.cl\/index.php?rest_route=%2Fwp%2Fv2%2Ftags&post=101742"}],"curies":[{"name":"wp","href":"https:\/\/api.w.org\/{rel}","templated":true}]}}