{"id":101738,"date":"2026-04-27T00:00:43","date_gmt":"2026-04-27T04:00:43","guid":{"rendered":"https:\/\/www.radioamigavallenar.cl\/?p=101738"},"modified":"2026-04-26T22:27:57","modified_gmt":"2026-04-27T02:27:57","slug":"sujeto-es-detenido-tras-amenazar-a-equipo-de-la-direccion-de-seguridad-municipal-en-operativo-de-control","status":"publish","type":"post","link":"https:\/\/www.radioamigavallenar.cl\/?p=101738","title":{"rendered":"Sujeto es detenido tras amenazar a equipo de la Direcci\u00f3n de Seguridad Municipal en operativo de control"},"content":{"rendered":"<p>Vecina de un local comercial hab\u00eda denunciado a la persona por violenta y estar con consumo de alcohol.<\/p>\n<p>Con una persona detenida por parte de Carabineros por amenaza a funcionarios municipales termin\u00f3 un control de patrulleros de la Direcci\u00f3n de Seguridad Municipal (Disem) que respondieron a la denuncia de una trabajadora de una botiller\u00eda por un sujeto de actuar violento y con signos de haber consumo alcohol.<\/p>\n<p>Los hechos se registraron mientras equipos de la Direcci\u00f3n de Seguridad Municipal realizaban patrullajes preventivos en el cuadrante del centro de la ciudad. En ese contexto, una trabajadora de una botiller\u00eda alert\u00f3 a los funcionarios sobre la presencia de un hombre en evidente estado de ebriedad, quien, adem\u00e1s de comprar bebidas alcoh\u00f3licas, adopt\u00f3 una actitud agresiva hacia ella.<\/p>\n<p>Tras recibir la denuncia, los m\u00f3viles municipales se trasladaron hasta calle Yumbel, donde lograron ubicar al individuo al interior del autom\u00f3vil. Al solicitarle descender del veh\u00edculo, el sujeto reaccion\u00f3 de manera hostil, profiriendo amenazas contra el personal por lo que se llam\u00f3 a Carabineros.<\/p>\n<p>Ante esta situaci\u00f3n, y luego de que el individuo descendiera voluntariamente, pero continuara increpando a los funcionarios, fue reducido por el equipo municipal a la espera de Carabineros. Posteriormente, personal de la Secci\u00f3n Centauro lleg\u00f3 al lugar y procedi\u00f3 a su detenci\u00f3n, adoptando el procedimiento correspondiente.<\/p>\n<p>Desde el municipio destacaron el trabajo coordinado entre DISEM y Carabineros, subrayando la importancia de la labor preventiva para resguardar la seguridad de la comunidad. Asimismo, reiteraron el llamado a la ciudadan\u00eda a respetar las normas del tr\u00e1nsito y evitar conducir bajo los efectos del alcohol, recordando que este tipo de conductas pone en riesgo no solo la vida del conductor, sino tambi\u00e9n la de terceros.<\/p>\n","protected":false},"excerpt":{"rendered":"<p>Vecina de un local comercial hab\u00eda denunciado a la persona por violenta y estar con consumo de alcohol. Con una persona detenida por parte de&hellip; <\/p>\n","protected":false},"author":7,"featured_media":101739,"comment_status":"closed","ping_status":"closed","sticky":false,"template":"","format":"standard","meta":{"footnotes":""},"categories":[38],"tags":[],"class_list":["post-101738","post","type-post","status-publish","format-standard","has-post-thumbnail","hentry","category-portada-regional"],"_links":{"self":[{"href":"https:\/\/www.radioamigavallenar.cl\/index.php?rest_route=\/wp\/v2\/posts\/101738","targetHints":{"allow":["GET"]}}],"collection":[{"href":"https:\/\/www.radioamigavallenar.cl\/index.php?rest_route=\/wp\/v2\/posts"}],"about":[{"href":"https:\/\/www.radioamigavallenar.cl\/index.php?rest_route=\/wp\/v2\/types\/post"}],"author":[{"embeddable":true,"href":"https:\/\/www.radioamigavallenar.cl\/index.php?rest_route=\/wp\/v2\/users\/7"}],"replies":[{"embeddable":true,"href":"https:\/\/www.radioamigavallenar.cl\/index.php?rest_route=%2Fwp%2Fv2%2Fcomments&post=101738"}],"version-history":[{"count":2,"href":"https:\/\/www.radioamigavallenar.cl\/index.php?rest_route=\/wp\/v2\/posts\/101738\/revisions"}],"predecessor-version":[{"id":101741,"href":"https:\/\/www.radioamigavallenar.cl\/index.php?rest_route=\/wp\/v2\/posts\/101738\/revisions\/101741"}],"wp:featuredmedia":[{"embeddable":true,"href":"https:\/\/www.radioamigavallenar.cl\/index.php?rest_route=\/wp\/v2\/media\/101739"}],"wp:attachment":[{"href":"https:\/\/www.radioamigavallenar.cl\/index.php?rest_route=%2Fwp%2Fv2%2Fmedia&parent=101738"}],"wp:term":[{"taxonomy":"category","embeddable":true,"href":"https:\/\/www.radioamigavallenar.cl\/index.php?rest_route=%2Fwp%2Fv2%2Fcategories&post=101738"},{"taxonomy":"post_tag","embeddable":true,"href":"https:\/\/www.radioamigavallenar.cl\/index.php?rest_route=%2Fwp%2Fv2%2Ftags&post=101738"}],"curies":[{"name":"wp","href":"https:\/\/api.w.org\/{rel}","templated":true}]}}