{"id":101734,"date":"2026-04-27T00:00:05","date_gmt":"2026-04-27T04:00:05","guid":{"rendered":"https:\/\/www.radioamigavallenar.cl\/?p=101734"},"modified":"2026-04-26T22:26:39","modified_gmt":"2026-04-27T02:26:39","slug":"municipio-de-copiapo-fortalecer-la-vida-comunitaria-con-exitoso-open-deportivo-activando-barrios-y-cultura-en-el-palomar","status":"publish","type":"post","link":"https:\/\/www.radioamigavallenar.cl\/?p=101734","title":{"rendered":"Municipio de Copiap\u00f3 fortalecer la vida comunitaria con exitoso Open Deportivo \u201cActivando Barrios y Cultura\u201d en El Palomar"},"content":{"rendered":"<p>Familias completas participaron durante toda la jornada.<\/p>\n<p>Con una masiva participaci\u00f3n y m\u00e1s de 12 horas interrumpidas de actividades, el Centro Comunitario El Palomar de la Ilustre Municipalidad de Copiap\u00f3 culmin\u00f3 con \u00e9xito el Open Deportivo \u201cActivando Barrios y Cultura\u201d, una iniciativa que reuni\u00f3 a vecinos y vecinas en torno al deporte, el arte y la cultura barrial.<\/p>\n<p>La actividad desarrollada en la cancha al frente del Centro Comunitario tuvo una variada programaci\u00f3n que incluy\u00f3 baile entretenido, torneo de f\u00fatbol, clases de defensa personal y diversas expresiones art\u00edsticas, generando espacios de participaci\u00f3n para todas las edades.<\/p>\n<p>El alcalde de Copiap\u00f3, Maglio Cicardini Neyra, valor\u00f3 la realizaci\u00f3n de esta iniciativa y destac\u00f3 que \u201ces fundamental seguir impulsando el trabajo en los territorios, en los barrios con actividades sanas que fomenten la cultura, el deporte y el sentimiento de unidad, porque juntos hacemos un mejor Copiap\u00f3\u201d.<\/p>\n<p>El taller de defensa personal tuvo una gran cantidad de entusiastas ni\u00f1os y ni\u00f1as. Alejandra Cort\u00e9s lleg\u00f3 con su hija Francisca de 6 a\u00f1os y afirm\u00f3 que \u201cesto sirve mucho para la disciplina, para la concentraci\u00f3n y que se canse lo que m\u00e1s pueda haciendo ejercicio que la entretiene\u201d.<\/p>\n<p>El evento tuvo su punto final con una vibrante Batalla de Freestyle, instancia que impact\u00f3 positivamente a la comunidad tanto por su alto nivel como por la amplia participaci\u00f3n de j\u00f3venes talentos. La competencia, liderada por el colectivo \u201cEl Monasterio\u201d, cont\u00f3 con destacados exponentes que motivaron activamente al p\u00fablico presente. Tras una intensa final, el triunfo fue para el freestyler Nytan, quien se impuso frente a su contendor Carepato, consolid\u00e1ndose como el gran ganador de la jornada.<\/p>\n<p>El cierre del evento estuvo marcado por un significativo reconocimiento a los j\u00f3venes participantes, quienes, como muestra de agradecimiento, plasmaron un graffiti con sus respectivos tags, dejando un recuerdo permanente de esta experiencia comunitaria y cultural.<\/p>\n<p>Desde el municipio destacaron el compromiso del equipo del Centro Comunitario El Palomar en la organizaci\u00f3n de este tipo de instancias, que buscan fortalecer el tejido<\/p>\n<p>social, promover el talento local y generar espacios seguros de encuentro para la comunidad.<\/p>\n","protected":false},"excerpt":{"rendered":"<p>Familias completas participaron durante toda la jornada. Con una masiva participaci\u00f3n y m\u00e1s de 12 horas interrumpidas de actividades, el Centro Comunitario El Palomar de&hellip; <\/p>\n","protected":false},"author":7,"featured_media":101735,"comment_status":"closed","ping_status":"closed","sticky":false,"template":"","format":"standard","meta":{"footnotes":""},"categories":[38],"tags":[],"class_list":["post-101734","post","type-post","status-publish","format-standard","has-post-thumbnail","hentry","category-portada-regional"],"_links":{"self":[{"href":"https:\/\/www.radioamigavallenar.cl\/index.php?rest_route=\/wp\/v2\/posts\/101734","targetHints":{"allow":["GET"]}}],"collection":[{"href":"https:\/\/www.radioamigavallenar.cl\/index.php?rest_route=\/wp\/v2\/posts"}],"about":[{"href":"https:\/\/www.radioamigavallenar.cl\/index.php?rest_route=\/wp\/v2\/types\/post"}],"author":[{"embeddable":true,"href":"https:\/\/www.radioamigavallenar.cl\/index.php?rest_route=\/wp\/v2\/users\/7"}],"replies":[{"embeddable":true,"href":"https:\/\/www.radioamigavallenar.cl\/index.php?rest_route=%2Fwp%2Fv2%2Fcomments&post=101734"}],"version-history":[{"count":2,"href":"https:\/\/www.radioamigavallenar.cl\/index.php?rest_route=\/wp\/v2\/posts\/101734\/revisions"}],"predecessor-version":[{"id":101737,"href":"https:\/\/www.radioamigavallenar.cl\/index.php?rest_route=\/wp\/v2\/posts\/101734\/revisions\/101737"}],"wp:featuredmedia":[{"embeddable":true,"href":"https:\/\/www.radioamigavallenar.cl\/index.php?rest_route=\/wp\/v2\/media\/101735"}],"wp:attachment":[{"href":"https:\/\/www.radioamigavallenar.cl\/index.php?rest_route=%2Fwp%2Fv2%2Fmedia&parent=101734"}],"wp:term":[{"taxonomy":"category","embeddable":true,"href":"https:\/\/www.radioamigavallenar.cl\/index.php?rest_route=%2Fwp%2Fv2%2Fcategories&post=101734"},{"taxonomy":"post_tag","embeddable":true,"href":"https:\/\/www.radioamigavallenar.cl\/index.php?rest_route=%2Fwp%2Fv2%2Ftags&post=101734"}],"curies":[{"name":"wp","href":"https:\/\/api.w.org\/{rel}","templated":true}]}}