{"id":101731,"date":"2026-04-27T00:00:25","date_gmt":"2026-04-27T04:00:25","guid":{"rendered":"https:\/\/www.radioamigavallenar.cl\/?p=101731"},"modified":"2026-04-27T00:04:18","modified_gmt":"2026-04-27T04:04:18","slug":"dirigentes-de-partidos-de-atacama-se-reunen-en-copiapo-por-reduccion-de-escanos-parlamentarios","status":"publish","type":"post","link":"https:\/\/www.radioamigavallenar.cl\/?p=101731","title":{"rendered":"Dirigentes de partidos de Atacama se re\u00fanen en Copiap\u00f3 por reducci\u00f3n de esca\u00f1os parlamentarios"},"content":{"rendered":"<p>En la sede del diputado Jaime Mulet, en Copiap\u00f3, se reunieron este viernes los dirigentes regionales de distintos partidos pol\u00edticos para analizar la disminuci\u00f3n de esca\u00f1os parlamentarios que afecta a la Regi\u00f3n de Atacama. A la convocatoria asistieron dirigentes de la UDI, RN, PDG, PC, Republicanos y la Federaci\u00f3n Regionalista Verde Social, adem\u00e1s del diputado Ignacio Urcullu y un representante de la diputada Paula Olmos.<\/p>\n<p>El encuentro tuvo como eje la preocupaci\u00f3n transversal frente a la reducci\u00f3n de la representaci\u00f3n del distrito, que pasar\u00eda de cinco a tres diputados, seg\u00fan la actualizaci\u00f3n realizada por el Servicio Electoral. La medida ha generado cuestionamientos desde diversos sectores, considerando que mientras Atacama pierde cupos, la Regi\u00f3n Metropolitana aumenta su representaci\u00f3n.<\/p>\n<p>En ese contexto, Jaime Mulet afirm\u00f3 que \u201ces un tema en el que tenemos que estar unidos. Defender a Atacama, su dignidad y peso pol\u00edtico, el que no puede ser disminuido favoreciendo a Santiago\u201d.<\/p>\n<p>Mulet Agreg\u00f3 que \u201cAtacama aporta a todo Chile recursos del royalty, pero las cosas se est\u00e1n haciendo mal\u201d. Asimismo, advirti\u00f3 que existen factores no considerados en la f\u00f3rmula, indicando que \u201chay cerca de 15 mil trabajadores que laboran en Atacama y votan junto a sus familias en otras regiones, y eso nos desfavorece\u201d.<\/p>\n<p>Durante la jornada, los dirigentes coincidieron en que la decisi\u00f3n no solo responde a criterios t\u00e9cnicos, sino que tambi\u00e9n impacta directamente en la capacidad de incidencia de la regi\u00f3n en el Congreso Nacional. En ese contexto, se revisaron los alcances de la reclamaci\u00f3n presentada ante el Tribunal Calificador de Elecciones, que busca revertir o corregir la aplicaci\u00f3n de la norma.<\/p>\n<p>El recurso sostiene que la resoluci\u00f3n aplica una f\u00f3rmula estrictamente aritm\u00e9tica para la distribuci\u00f3n de esca\u00f1os, sin considerar factores territoriales, econ\u00f3micos y sociales propios de regiones como Atacama, lo que podr\u00eda afectar el principio de igualdad del voto y la representaci\u00f3n equilibrada del pa\u00eds.<\/p>\n<p>En la reuni\u00f3n se abordaron acciones pol\u00edticas y comunicacionales para visibilizar el impacto de esta medida a nivel regional y nacional, junto con avanzar en una postura com\u00fan entre las distintas fuerzas pol\u00edticas.<\/p>\n<p>Finalmente, el parlamentario Mulet sostuvo que \u201cpediremos que los alcaldes, concejales y consejeros regionales se involucren en este tema\u201d, trabajo que se proyecta desarrollar durante la pr\u00f3xima semana.<\/p>\n","protected":false},"excerpt":{"rendered":"<p>En la sede del diputado Jaime Mulet, en Copiap\u00f3, se reunieron este viernes los dirigentes regionales de distintos partidos pol\u00edticos para analizar la disminuci\u00f3n de&hellip; <\/p>\n","protected":false},"author":7,"featured_media":101732,"comment_status":"closed","ping_status":"closed","sticky":false,"template":"","format":"standard","meta":{"footnotes":""},"categories":[7],"tags":[],"class_list":["post-101731","post","type-post","status-publish","format-standard","has-post-thumbnail","hentry","category-atacama"],"_links":{"self":[{"href":"https:\/\/www.radioamigavallenar.cl\/index.php?rest_route=\/wp\/v2\/posts\/101731","targetHints":{"allow":["GET"]}}],"collection":[{"href":"https:\/\/www.radioamigavallenar.cl\/index.php?rest_route=\/wp\/v2\/posts"}],"about":[{"href":"https:\/\/www.radioamigavallenar.cl\/index.php?rest_route=\/wp\/v2\/types\/post"}],"author":[{"embeddable":true,"href":"https:\/\/www.radioamigavallenar.cl\/index.php?rest_route=\/wp\/v2\/users\/7"}],"replies":[{"embeddable":true,"href":"https:\/\/www.radioamigavallenar.cl\/index.php?rest_route=%2Fwp%2Fv2%2Fcomments&post=101731"}],"version-history":[{"count":1,"href":"https:\/\/www.radioamigavallenar.cl\/index.php?rest_route=\/wp\/v2\/posts\/101731\/revisions"}],"predecessor-version":[{"id":101733,"href":"https:\/\/www.radioamigavallenar.cl\/index.php?rest_route=\/wp\/v2\/posts\/101731\/revisions\/101733"}],"wp:featuredmedia":[{"embeddable":true,"href":"https:\/\/www.radioamigavallenar.cl\/index.php?rest_route=\/wp\/v2\/media\/101732"}],"wp:attachment":[{"href":"https:\/\/www.radioamigavallenar.cl\/index.php?rest_route=%2Fwp%2Fv2%2Fmedia&parent=101731"}],"wp:term":[{"taxonomy":"category","embeddable":true,"href":"https:\/\/www.radioamigavallenar.cl\/index.php?rest_route=%2Fwp%2Fv2%2Fcategories&post=101731"},{"taxonomy":"post_tag","embeddable":true,"href":"https:\/\/www.radioamigavallenar.cl\/index.php?rest_route=%2Fwp%2Fv2%2Ftags&post=101731"}],"curies":[{"name":"wp","href":"https:\/\/api.w.org\/{rel}","templated":true}]}}