{"id":101727,"date":"2026-04-25T00:23:12","date_gmt":"2026-04-25T04:23:12","guid":{"rendered":"https:\/\/www.radioamigavallenar.cl\/?p=101727"},"modified":"2026-04-25T00:23:12","modified_gmt":"2026-04-25T04:23:12","slug":"junaeb-completa-proceso-de-entrega-de-utiles-escolares-en-todo-el-pais-antes-del-plazo-comprometido-con-el-congreso","status":"publish","type":"post","link":"https:\/\/www.radioamigavallenar.cl\/?p=101727","title":{"rendered":"Junaeb completa proceso de entrega de \u00fatiles escolares en todo el pa\u00eds antes del plazo comprometido con el Congreso"},"content":{"rendered":"<p>La Junta Nacional de Auxilio Escolar y Becas (Junaeb) inform\u00f3 que entreg\u00f3 el\u00a0<strong>100% de los kits del Programa de \u00datiles Escolares<\/strong>\u00a0(PUE) correspondiente al a\u00f1o acad\u00e9mico 2026 antes del plazo comprometido con el Congreso Nacional.<\/p>\n<p>A nivel nacional, el programa entreg\u00f3 un total de\u00a0<strong>1.904.215 sets de \u00fatiles escolares,<\/strong>\u00a0abarcando educaci\u00f3n parvularia, b\u00e1sica, media y adulto. La iniciativa implic\u00f3 la distribuci\u00f3n de m\u00e1s de 28 millones de art\u00edculos a diversos establecimientos educacionales de todo el pa\u00eds.<\/p>\n<p>El director nacional de Junaeb,\u00a0<strong>Fernando Pe\u00f1a<\/strong>, detall\u00f3 que \u00abal 31 de marzo, el 92% de los establecimientos educacionales beneficiados ya hab\u00eda recepcionado este apoyo\u00bb.<\/p>\n<p>\u00abJunaeb es un servicio p\u00fablico que entrega ayudas muy concretas. Particularmente este beneficio,\u00a0<strong>sabemos que es muy importante, sobre todo para el bolsillo en momentos de estrechez,<\/strong>\u00a0porque sabemos lo que cuesta a veces empezar el a\u00f1o escolar y lo dif\u00edcil que es marzo, particularmente para todas las familias m\u00e1s vulnerables\u00bb, subray\u00f3.<\/p>\n<p>En la discusi\u00f3n del Presupuesto 2026, Junaeb hab\u00eda comprometido entregar el\u00a0<strong>60% de los \u00fatiles escolares al 30 de abril de este a\u00f1o<\/strong>, meta que fue superada al concretar la entrega exitosa de los kits a los estudiantes de establecimientos educacionales p\u00fablicos y a los alumnos priorizados de particulares subvencionados.<\/p>\n<p>Pe\u00f1a a\u00f1adi\u00f3 que \u00abparte del compromiso que la instituci\u00f3n asumi\u00f3 con el Congreso Nacional el a\u00f1o pasado, y que fue algo que tambi\u00e9n a m\u00ed me pidi\u00f3 personalmente el Presidente de la Rep\u00fablica, Jos\u00e9 Antonio Kast,\u00a0<strong>era la importancia de que los beneficios lleguen a tiempo.\u00a0<\/strong>Para nosotros es muy importante decir que entregamos el 100 por ciento de \u00fatiles escolares en todo el territorio nacional\u00bb.<\/p>\n<p>Seg\u00fan inform\u00f3 el organismo, el Programa de \u00datiles Escolares (PUE) entreg\u00f3 sets de art\u00edculos que fueron espec\u00edficamente adaptados a las necesidades de cada nivel educacional, y donde los materiales correspond\u00edan a\u00a0<strong>cuadernos, calculadoras cient\u00edficas, gomas de borrar, blocks de dibujo, entre otros art\u00edculos escolares.<\/strong><\/p>\n<h2 style=\"text-align: center;\"><strong>Pol\u00e9micas de otros a\u00f1os<\/strong><\/h2>\n<p>&nbsp;<\/p>\n<p>Cabe mencionar que la entrega de este beneficio no ha estado exento de pol\u00e9mica. El a\u00f1o pasado la Contralor\u00eda General de la Rep\u00fablica revel\u00f3 que en 2024\u00a0<strong>la Junaeb solo entreg\u00f3 un tercio de los kits escolares comprometidos<\/strong>, con cinco meses de retraso.<\/p>\n<p>Desde el \u00f3rgano fiscalizador se\u00f1alaron que la entrega hab\u00eda empezado el<strong>\u00a026 de julio de 2024<\/strong>\u00a0-casi cinco meses despu\u00e9s del inicio del a\u00f1o escolar- y al mes de septiembre se hab\u00eda registrado un total de\u00a0<strong>1.425.852 kits faltantes<\/strong>\u00a0por distribuir por parte del organismo. Lo anterior provoc\u00f3 que la CGR iniciara un sumario contra Junaeb.<\/p>\n<p>En\u00a0<strong>2025<\/strong>, en tanto, s\u00ed se cumpli\u00f3 con la entrega del 100% de los m\u00e1s de 25 millones de art\u00edculos escolares, logrando la meta tambi\u00e9n en el\u00a0<strong>mes de abril.<\/strong><\/p>\n","protected":false},"excerpt":{"rendered":"<p>La Junta Nacional de Auxilio Escolar y Becas (Junaeb) inform\u00f3 que entreg\u00f3 el\u00a0100% de los kits del Programa de \u00datiles Escolares\u00a0(PUE) correspondiente al a\u00f1o acad\u00e9mico&hellip; <\/p>\n","protected":false},"author":7,"featured_media":101728,"comment_status":"closed","ping_status":"closed","sticky":false,"template":"","format":"standard","meta":{"footnotes":""},"categories":[37],"tags":[],"class_list":["post-101727","post","type-post","status-publish","format-standard","has-post-thumbnail","hentry","category-nacional"],"_links":{"self":[{"href":"https:\/\/www.radioamigavallenar.cl\/index.php?rest_route=\/wp\/v2\/posts\/101727","targetHints":{"allow":["GET"]}}],"collection":[{"href":"https:\/\/www.radioamigavallenar.cl\/index.php?rest_route=\/wp\/v2\/posts"}],"about":[{"href":"https:\/\/www.radioamigavallenar.cl\/index.php?rest_route=\/wp\/v2\/types\/post"}],"author":[{"embeddable":true,"href":"https:\/\/www.radioamigavallenar.cl\/index.php?rest_route=\/wp\/v2\/users\/7"}],"replies":[{"embeddable":true,"href":"https:\/\/www.radioamigavallenar.cl\/index.php?rest_route=%2Fwp%2Fv2%2Fcomments&post=101727"}],"version-history":[{"count":1,"href":"https:\/\/www.radioamigavallenar.cl\/index.php?rest_route=\/wp\/v2\/posts\/101727\/revisions"}],"predecessor-version":[{"id":101729,"href":"https:\/\/www.radioamigavallenar.cl\/index.php?rest_route=\/wp\/v2\/posts\/101727\/revisions\/101729"}],"wp:featuredmedia":[{"embeddable":true,"href":"https:\/\/www.radioamigavallenar.cl\/index.php?rest_route=\/wp\/v2\/media\/101728"}],"wp:attachment":[{"href":"https:\/\/www.radioamigavallenar.cl\/index.php?rest_route=%2Fwp%2Fv2%2Fmedia&parent=101727"}],"wp:term":[{"taxonomy":"category","embeddable":true,"href":"https:\/\/www.radioamigavallenar.cl\/index.php?rest_route=%2Fwp%2Fv2%2Fcategories&post=101727"},{"taxonomy":"post_tag","embeddable":true,"href":"https:\/\/www.radioamigavallenar.cl\/index.php?rest_route=%2Fwp%2Fv2%2Ftags&post=101727"}],"curies":[{"name":"wp","href":"https:\/\/api.w.org\/{rel}","templated":true}]}}