{"id":101724,"date":"2026-04-25T00:20:36","date_gmt":"2026-04-25T04:20:36","guid":{"rendered":"https:\/\/www.radioamigavallenar.cl\/?p=101724"},"modified":"2026-04-25T00:20:36","modified_gmt":"2026-04-25T04:20:36","slug":"nuevo-golpe-por-alza-de-combustibles-ipp-sube-21-en-marzo-impulsado-por-energia-y-cobre","status":"publish","type":"post","link":"https:\/\/www.radioamigavallenar.cl\/?p=101724","title":{"rendered":"Nuevo golpe por alza de combustibles: IPP sube 2,1% en marzo impulsado por energ\u00eda y cobre"},"content":{"rendered":"<p><strong>El \u00cdndice de Precios de Productor (IPP) de Industrias registr\u00f3 en marzo una variaci\u00f3n mensual de 2,1%<\/strong>, anotando su mayor avance en lo que va del a\u00f1o y acumulando un incremento de 3,5% al cierre del primer trimestre.<\/p>\n<p>Seg\u00fan inform\u00f3 el Instituto Nacional de Estad\u00edsticas (INE), el resultado estuvo explicado principalmente por el desempe\u00f1o del sector minero, que subi\u00f3 2,0% en el mes.<\/p>\n<p>A ello se sum\u00f3 manufactura, con un alza de 2,8%, mientras que la distribuci\u00f3n de electricidad, gas y agua avanz\u00f3 0,4%.<\/p>\n<p>En t\u00e9rminos anuales, el IPP de Industrias acumul\u00f3 un aumento de 14,8%, reflejando una presi\u00f3n relevante en los precios al productor respecto de marzo de 2025.<\/p>\n<p>Entre los productos espec\u00edficos, el cobre destac\u00f3 como el principal impulsor del indicador mensual, con una variaci\u00f3n de 1,7%.\u00a0<strong>Tras el metal rojo se ubicaron los combustibles, especialmente petr\u00f3leo di\u00e9sel y gasolinas para motores, aunque sus cifras desagregadas no fueron publicadas por secreto estad\u00edstico.<\/strong><\/p>\n<p>El INE tambi\u00e9n inform\u00f3 que el IPP anal\u00edtico de industrias sin cobre aument\u00f3 2,4% en marzo, acumulando 1,7% en el a\u00f1o.<\/p>\n<h2 style=\"text-align: center;\"><strong>Manufactura acelera<\/strong><\/h2>\n<p>&nbsp;<\/p>\n<p>El \u00cdndice de Precios de Productor de la Industria Manufacturera (IPPMan) subi\u00f3 2,8% mensual y acumul\u00f3 1,9% en 2026.<\/p>\n<p>Adem\u00e1s, de las 45 clases que integran la medici\u00f3n, 36 presentaron alzas, siete bajaron y dos no mostraron variaci\u00f3n.<\/p>\n<p><strong>La mayor incidencia provino de la fabricaci\u00f3n de productos de refinaci\u00f3n del petr\u00f3leo, con un fuerte salto de 28,5%.\u00a0<\/strong>Tambi\u00e9n destacaron la fabricaci\u00f3n de pasta de madera, papel y cart\u00f3n, con un alza de 9,3%, y la elaboraci\u00f3n y conservaci\u00f3n de pescado, crust\u00e1ceos y moluscos, con 4,1%.<\/p>\n<h2 style=\"text-align: center;\"><strong>Miner\u00eda<\/strong><\/h2>\n<p>&nbsp;<\/p>\n<p>En el caso del \u00cdndice de Precios de Productor de Miner\u00eda (IPPMin), el avance fue de 2,0% mensual, acumulando 5,7% en el a\u00f1o y un robusto incremento de 25,8% en doce meses.<\/p>\n<p>Las nueve clases que componen la canasta minera mostraron aumentos durante marzo. La mayor incidencia correspondi\u00f3 a extracci\u00f3n y procesamiento de cobre, mientras que tambi\u00e9n<strong>\u00a0destacaron la extracci\u00f3n de petr\u00f3leo crudo y minerales ligados a fertilizantes y productos qu\u00edmicos.<\/strong><\/p>\n<p>Por su parte, el \u00cdndice de Precios de Distribuci\u00f3n de Electricidad, Gas y Agua (IPDEGA) aument\u00f3 0,4% en marzo. Sin embargo, a\u00fan acumula una baja de 2,2% en lo que va del a\u00f1o.<\/p>\n<p>Dentro del segmento, l<strong>a principal incidencia positiva provino de la fabricaci\u00f3n de gas y distribuci\u00f3n de combustibles gaseosos por tuber\u00edas, con una expansi\u00f3n de 7,9%.<\/strong><\/p>\n","protected":false},"excerpt":{"rendered":"<p>El \u00cdndice de Precios de Productor (IPP) de Industrias registr\u00f3 en marzo una variaci\u00f3n mensual de 2,1%, anotando su mayor avance en lo que va&hellip; <\/p>\n","protected":false},"author":7,"featured_media":101725,"comment_status":"closed","ping_status":"closed","sticky":false,"template":"","format":"standard","meta":{"footnotes":""},"categories":[37],"tags":[],"class_list":["post-101724","post","type-post","status-publish","format-standard","has-post-thumbnail","hentry","category-nacional"],"_links":{"self":[{"href":"https:\/\/www.radioamigavallenar.cl\/index.php?rest_route=\/wp\/v2\/posts\/101724","targetHints":{"allow":["GET"]}}],"collection":[{"href":"https:\/\/www.radioamigavallenar.cl\/index.php?rest_route=\/wp\/v2\/posts"}],"about":[{"href":"https:\/\/www.radioamigavallenar.cl\/index.php?rest_route=\/wp\/v2\/types\/post"}],"author":[{"embeddable":true,"href":"https:\/\/www.radioamigavallenar.cl\/index.php?rest_route=\/wp\/v2\/users\/7"}],"replies":[{"embeddable":true,"href":"https:\/\/www.radioamigavallenar.cl\/index.php?rest_route=%2Fwp%2Fv2%2Fcomments&post=101724"}],"version-history":[{"count":1,"href":"https:\/\/www.radioamigavallenar.cl\/index.php?rest_route=\/wp\/v2\/posts\/101724\/revisions"}],"predecessor-version":[{"id":101726,"href":"https:\/\/www.radioamigavallenar.cl\/index.php?rest_route=\/wp\/v2\/posts\/101724\/revisions\/101726"}],"wp:featuredmedia":[{"embeddable":true,"href":"https:\/\/www.radioamigavallenar.cl\/index.php?rest_route=\/wp\/v2\/media\/101725"}],"wp:attachment":[{"href":"https:\/\/www.radioamigavallenar.cl\/index.php?rest_route=%2Fwp%2Fv2%2Fmedia&parent=101724"}],"wp:term":[{"taxonomy":"category","embeddable":true,"href":"https:\/\/www.radioamigavallenar.cl\/index.php?rest_route=%2Fwp%2Fv2%2Fcategories&post=101724"},{"taxonomy":"post_tag","embeddable":true,"href":"https:\/\/www.radioamigavallenar.cl\/index.php?rest_route=%2Fwp%2Fv2%2Ftags&post=101724"}],"curies":[{"name":"wp","href":"https:\/\/api.w.org\/{rel}","templated":true}]}}