{"id":101721,"date":"2026-04-25T00:16:34","date_gmt":"2026-04-25T04:16:34","guid":{"rendered":"https:\/\/www.radioamigavallenar.cl\/?p=101721"},"modified":"2026-04-25T00:16:34","modified_gmt":"2026-04-25T04:16:34","slug":"tricel-frena-disolucion-del-frvs-y-mulet-celebra-corrige-la-injusta-interpretacion-del-servel","status":"publish","type":"post","link":"https:\/\/www.radioamigavallenar.cl\/?p=101721","title":{"rendered":"Tricel frena disoluci\u00f3n del FRVS y Mulet celebra: \u00abCorrige la injusta interpretaci\u00f3n del Servel\u00bb"},"content":{"rendered":"<p>El Tribunal Calificador de Elecciones (<strong>Tricel<\/strong>) declar\u00f3 que el partido\u00a0<strong>Federaci\u00f3n Regionalista Verde Social<\/strong>\u00a0(FRVS) seguir\u00e1 siendo un partido pol\u00edtico inscrito en el pa\u00eds, tras acoger el reclamo presentado por la colectividad en contra de la resoluci\u00f3n del Servicio Electoral (Servel) que hab\u00eda ordenado su disoluci\u00f3n.<\/p>\n<p>El fundador de la tienda pol\u00edtica,\u00a0<strong>Jaime Mulet<\/strong>, se refiri\u00f3 a la decisi\u00f3n del tribunal. \u201cHemos le\u00eddo la sentencia y tal como lo hab\u00edamos se\u00f1alado\u00a0<span class=\"destacador destacado\">la Federaci\u00f3n Regionalista Verde Social sigue siendo un partido pol\u00edtico inscrito en todo Chile<\/span>\u00a0y\u00a0<strong>podremos tener candidatos a concejales, alcaldes, diputados, senadores y a la presidencia<\/strong>\u201d, declar\u00f3.<\/p>\n<p>Mulet a\u00f1adi\u00f3 que se trata de \u201cun triunfo de la perseverancia, de la gente sencilla, que sue\u00f1a con un Chile mucho mejor desde los territorios\u201d. Sostuvo adem\u00e1s que \u201cel Tricel corrigi\u00f3 la injusta y equivocada interpretaci\u00f3n del Servel (\u2026)\u00a0<strong>nunca nos han hecho las cosas f\u00e1ciles<\/strong>\u201d.<\/p>\n<p>La resoluci\u00f3n del Tricel de este viernes 24 de abril, da cuenta de que el partido FRVS, representado ante la instancia por\u00a0<strong>Flavia Torrealba D\u00edaz<\/strong>, impugn\u00f3 la resoluci\u00f3n del Servel del 6 de febrero de 2026. El Servicio Electoral hab\u00eda fundamentado la disoluci\u00f3n en que el FRVS no alcanz\u00f3 el 5% de los sufragios v\u00e1lidamente emitidos en la \u00faltima elecci\u00f3n de diputados del 16 de noviembre de 2025, ni obtuvo el m\u00ednimo de cuatro parlamentarios en al menos dos regiones.<\/p>\n<h2 style=\"text-align: center;\">Reclamo del FRVS y sus argumentos ante el Tricel<\/h2>\n<p>El<a href=\"https:\/\/frevs.cl\/\" target=\"_blank\" rel=\"noopener\">\u00a0partido reclamante\u00a0<\/a>solicit\u00f3 dejar sin efecto la resoluci\u00f3n del Servel y declarar la subsistencia de la colectividad. Sostuvo que la ley no establece una restricci\u00f3n temporal para computar la representaci\u00f3n parlamentaria y que\u00a0<strong>deben considerarse todos los parlamentarios en ejercicio con mandato vigente<\/strong>, sin importar si fueron electos en 2025 o en 2021.<\/p>\n<p>El FRVS argument\u00f3 que tiene cinco representantes en el Congreso Nacional: el diputado Jaime Mulet Mart\u00ednez por el Distrito N\u00b04 (Regi\u00f3n de Atacama); el diputado Ren\u00e9 Alinco Bustos por el Distrito N\u00b027 (Regi\u00f3n de Ays\u00e9n); el senador Miguel \u00c1ngel Calisto \u00c1guila por la Circunscripci\u00f3n N\u00b014 (Regi\u00f3n de Ays\u00e9n); el senador Esteban Vel\u00e1squez N\u00fa\u00f1ez por la Circunscripci\u00f3n N\u00b03 (Regi\u00f3n de Antofagasta); y la senadora Alejandra Sep\u00falveda Orbenes por la Circunscripci\u00f3n N\u00b08 (Regi\u00f3n de O\u2019Higgins).<\/p>\n<p>La reclamante enfatiz\u00f3 que el art\u00edculo 56 inciso 3\u00b0 de la Ley N\u00b018.603 no exige que los parlamentarios resulten electos \u201cen la \u00faltima elecci\u00f3n\u201d. Tambi\u00e9n se\u00f1al\u00f3 que el Senado se renueva por parcialidades y los senadores se mantienen en el cargo durante ocho a\u00f1os, por lo que omitir en el c\u00f3mputo a aquellos con mandato vigente desnaturaliza la representaci\u00f3n real del partido.<\/p>\n<p>El partido invoc\u00f3 los principios de representatividad efectiva, conservaci\u00f3n y confianza leg\u00edtima, y sostuvo que la interpretaci\u00f3n del Servel vulnera el pluralismo pol\u00edtico y la igualdad ante la ley. Adem\u00e1s, acus\u00f3 que la resoluci\u00f3n resulta arbitraria al disolver un partido que tiene la misma cantidad de parlamentarios en ejercicio que otro que s\u00ed logra subsistir solo por una diferencia en la fecha de elecci\u00f3n de sus miembros.<\/p>\n<h2 style=\"text-align: center;\">An\u00e1lisis jur\u00eddico del Tricel<\/h2>\n<p>El Tricel estableci\u00f3 que el asunto jur\u00eddico controvertido consiste en dilucidar el sentido y alcance del inciso 3\u00b0 del art\u00edculo 56 de la Ley N\u00b018.603, particularmente la frase que indica \u201csiempre que elija un m\u00ednimo de cuatro parlamentarios en, a lo menos, dos regiones distintas, sean diputados o senadores\u201d.\u00a0<strong>El tribunal reconoci\u00f3 que la dicotom\u00eda entre el numeral 2\u00b0 y el inciso cuarto del art\u00edculo 56 no es clara<\/strong>.<\/p>\n<p>El tribunal concluy\u00f3 que la literalidad no es suficiente para desentra\u00f1ar el alcance de la norma, por lo que acudi\u00f3 a otros elementos de interpretaci\u00f3n. Se consider\u00f3 el Mensaje de la Ley N\u00b020.915, donde se expres\u00f3 que los partidos pol\u00edticos cumplen un rol fundamental y que \u201c<strong>no hay democracia representativa sin partidos pol\u00edticos<\/strong>\u201d.<\/p>\n<p>En la historia del establecimiento de dicha ley se colige que la norma fue concebida para establecer \u201cbarreras de salida\u201d de los partidos pol\u00edticos tomando en consideraci\u00f3n el respaldo ciudadano efectivo. El Tricel record\u00f3 que la ley busc\u00f3 \u201cfortalecer el car\u00e1cter p\u00fablico y democr\u00e1tico de los partidos pol\u00edticos\u201d.<\/p>\n<p>El tribunal determin\u00f3 que el partido reclamante no alcanz\u00f3 el umbral de votos en la \u00faltima elecci\u00f3n de diputados, por lo que el asunto se circunscribe a definir si satisface la segunda hip\u00f3tesis sobre representaci\u00f3n parlamentaria. Se indic\u00f3 que en la previsi\u00f3n normativa \u201cse incurre en ambig\u00fcedades, de momento que no se ha determinado debidamente a cu\u00e1l proceso eleccionario se est\u00e1 haciendo referencia\u201d.<\/p>\n<h2>Subsistencia del FRVS por cumplir con representaci\u00f3n parlamentaria<\/h2>\n<blockquote><p><em>El<strong>\u00a0Tricel consider\u00f3 que en las elecciones parlamentarias de 2025 el FRVS logr\u00f3 la elecci\u00f3n de dos diputados y un senador<\/strong>, y que cuenta con dos senadores en ejercicio electos por el partido en el proceso de 2021. El tribunal sostuvo que \u201c<strong>no es posible excluir del c\u00f3mputo respectivo a los dos senadores en ejercicio<\/strong>, primero, porque la ley no lo ha dispuesto expresamente, enseguida, porque por disposici\u00f3n constitucional no han podido participar en esa \u00faltima elecci\u00f3n\u201d.<\/em><\/p><\/blockquote>\n<p>El tribunal concluy\u00f3 que al tenor de lo expuesto, \u201cel\u00a0<span class=\"destacador destacado\">Partido Federaci\u00f3n Regionalista Verde Social, cuenta con el m\u00ednimo de 4 parlamentarios en, a lo menos dos regiones distintas<\/span>, por lo que cumple con el presupuesto legal previsto en el inciso 3\u00b0 del art\u00edculo 56 de la Ley N\u00b018.603 para subsistir como partido pol\u00edtico\u201d.<\/p>\n<p>El fallo se\u00f1ala adem\u00e1s que la resoluci\u00f3n reclamada del Servel no explicit\u00f3 el razonamiento utilizado para aplicar la disoluci\u00f3n, lo que vulnera el deber de fundamentaci\u00f3n. El tribunal record\u00f3 que la disoluci\u00f3n es \u201cla m\u00e1xima sanci\u00f3n prevista por el ordenamiento para los partidos pol\u00edticos\u201d.<\/p>\n<p>Por estas consideraciones, el\u00a0<strong>Tricel acogi\u00f3 la reclamaci\u00f3n del FRVS, declar\u00f3 que el partido cumple con los presupuestos para subsistir legalmente<\/strong>, orden\u00f3 mantener su inscripci\u00f3n en el Registro de Partidos Pol\u00edticos y que sus militantes permanezcan en los Registros Generales de Afiliados y Adherentes.<\/p>\n<p>La resoluci\u00f3n fue pronunciada por los ministros Arturo Jos\u00e9 Prado Puga; Mauricio Alonso Silva Cancino; Adelita Ravanales Arriagada; Omar Astudillo Contreras y Gabriel Ascencio Mansilla.<\/p>\n","protected":false},"excerpt":{"rendered":"<p>El Tribunal Calificador de Elecciones (Tricel) declar\u00f3 que el partido\u00a0Federaci\u00f3n Regionalista Verde Social\u00a0(FRVS) seguir\u00e1 siendo un partido pol\u00edtico inscrito en el pa\u00eds, tras acoger el&hellip; <\/p>\n","protected":false},"author":7,"featured_media":101722,"comment_status":"closed","ping_status":"closed","sticky":false,"template":"","format":"standard","meta":{"footnotes":""},"categories":[37],"tags":[],"class_list":["post-101721","post","type-post","status-publish","format-standard","has-post-thumbnail","hentry","category-nacional"],"_links":{"self":[{"href":"https:\/\/www.radioamigavallenar.cl\/index.php?rest_route=\/wp\/v2\/posts\/101721","targetHints":{"allow":["GET"]}}],"collection":[{"href":"https:\/\/www.radioamigavallenar.cl\/index.php?rest_route=\/wp\/v2\/posts"}],"about":[{"href":"https:\/\/www.radioamigavallenar.cl\/index.php?rest_route=\/wp\/v2\/types\/post"}],"author":[{"embeddable":true,"href":"https:\/\/www.radioamigavallenar.cl\/index.php?rest_route=\/wp\/v2\/users\/7"}],"replies":[{"embeddable":true,"href":"https:\/\/www.radioamigavallenar.cl\/index.php?rest_route=%2Fwp%2Fv2%2Fcomments&post=101721"}],"version-history":[{"count":1,"href":"https:\/\/www.radioamigavallenar.cl\/index.php?rest_route=\/wp\/v2\/posts\/101721\/revisions"}],"predecessor-version":[{"id":101723,"href":"https:\/\/www.radioamigavallenar.cl\/index.php?rest_route=\/wp\/v2\/posts\/101721\/revisions\/101723"}],"wp:featuredmedia":[{"embeddable":true,"href":"https:\/\/www.radioamigavallenar.cl\/index.php?rest_route=\/wp\/v2\/media\/101722"}],"wp:attachment":[{"href":"https:\/\/www.radioamigavallenar.cl\/index.php?rest_route=%2Fwp%2Fv2%2Fmedia&parent=101721"}],"wp:term":[{"taxonomy":"category","embeddable":true,"href":"https:\/\/www.radioamigavallenar.cl\/index.php?rest_route=%2Fwp%2Fv2%2Fcategories&post=101721"},{"taxonomy":"post_tag","embeddable":true,"href":"https:\/\/www.radioamigavallenar.cl\/index.php?rest_route=%2Fwp%2Fv2%2Ftags&post=101721"}],"curies":[{"name":"wp","href":"https:\/\/api.w.org\/{rel}","templated":true}]}}