{"id":101718,"date":"2026-04-25T00:14:43","date_gmt":"2026-04-25T04:14:43","guid":{"rendered":"https:\/\/www.radioamigavallenar.cl\/?p=101718"},"modified":"2026-04-25T00:14:43","modified_gmt":"2026-04-25T04:14:43","slug":"round-sin-tregua-jackson-publica-captura-de-whatsapp-para-desmentir-a-desbordes-por-caso-espinoza","status":"publish","type":"post","link":"https:\/\/www.radioamigavallenar.cl\/?p=101718","title":{"rendered":"Round sin tregua: Jackson publica captura de WhatsApp para desmentir a Desbordes por caso Espinoza"},"content":{"rendered":"<p>El\u00a0<strong>cruce en la red social X entre Mario Desbordes, Giorgio Jackson y Miguel Crispi<\/strong> sum\u00f3 dos nuevos episodios la tarde de ayer viernes. La controversia se origin\u00f3 a ra\u00edz de un reportaje que revel\u00f3 la presunta desvinculaci\u00f3n de <strong>Eleonora Espinoza<\/strong>, exjefa de la Divisi\u00f3n de Estudios y Pol\u00edticas P\u00fablicas de la Subsecretar\u00eda de Desarrollo Regional (Subdere), mientras se recuperaba de una cirug\u00eda por c\u00e1ncer de mama.<\/p>\n<p>Seg\u00fan la investigaci\u00f3n de T13, Espinoza fue desvinculada el 11 de marzo de 2022, el mismo d\u00eda del cambio de mando, mientras cursaba un proceso de recuperaci\u00f3n. El caso reactiv\u00f3 las cr\u00edticas entre quienes participaron de la administraci\u00f3n entrante del presidente Gabriel Boric.<\/p>\n<p>El actual alcalde de Santiago, Mario Desbordes, afirm\u00f3 en el reportaje que intervino ante las nuevas autoridades, espec\u00edficamente ante el entonces designado subsecretario de Desarrollo Regional, Miguel Crispi, y el ministro Giorgio Jackson, para pedir que mantuvieran a Espinoza hasta el t\u00e9rmino de su tratamiento.<\/p>\n<p>El alcalde asegur\u00f3 que la funcionaria fue despedida el 11 de marzo de 2022 pese a sus gestiones.<\/p>\n<p>\u201cAntes de asumir el gob. de Boric, Eleonora estaba reci\u00e9n operada de su segundo c\u00e1ncer. Era jefa de divisi\u00f3n en Subdere. Habl\u00e9 con los reci\u00e9n designados ministro Jackson y Subdere Crispi, pidiendo que la mantuvieran como profesional a contrata solo hasta agosto, para terminar su tratamiento, debiendo ella realizar su trabajo\u201d, escribi\u00f3 Desbordes.<\/p>\n<p>El alcalde agreg\u00f3: \u201c<strong>Hablamos varias veces antes del cambio de mando. Quedaron de analizar la solicitud<\/strong>. El 11 de marzo en la ma\u00f1ana, la echaron a\u00fan convaleciente. Jackson calla y Crispi miente en este reportaje. Supongo que les da verg\u00fcenza su actuar (eso espero)\u201d, se lee.<\/p>\n<h2>Respuesta de Crispi y nueva r\u00e9plica de Desbordes<\/h2>\n<p>Miguel Crispi respondi\u00f3 horas despu\u00e9s en la misma red social. Se\u00f1al\u00f3: \u201c<strong>Mario, sabes bien q la renuncia fue puesta a disposici\u00f3n y aceptada el 28 de febrero por el gob. anterior<\/strong>. D\u00edas despu\u00e9s de asumir, cuando recib\u00ed tu mensaje, te llam\u00e9 personalmente; me dijiste que su situaci\u00f3n laboral ya estaba resuelta. No entiendo la pol\u00e9mica que intentas armar\u201d.<\/p>\n<p>Crispi acompa\u00f1\u00f3 su mensaje con el decreto que acreditaba la renuncia voluntaria de Eleonora Espinoza, presentada ante la administraci\u00f3n saliente. El cruce no termin\u00f3 ah\u00ed, pues Desbordes volvi\u00f3 a replicar con una nueva acusaci\u00f3n.<\/p>\n<p>\u201c<strong>Se\u00f1or Crispi, a usted y al se\u00f1or Jackson los llam\u00e9 semanas antes del cambio de mando<\/strong>. Con ambos convers\u00e9 la situaci\u00f3n en detalle, y ambos quedaron de revisar lo pedido. No es cierto que me comunique con usted \u2018d\u00edas despu\u00e9s de asumir\u2019. Por favor, no mienta; mejor hubiera sido guardar silencio como hizo su compa\u00f1ero\u201d, cerr\u00f3 el alcalde, en alusi\u00f3n al silencio que hasta ese momento manten\u00eda Giorgio Jackson.<\/p>\n<p>En este punto del intercambio en X, Giorgio Jackson rompi\u00f3 su silencio. El exministro secretario general de la Presidencia sali\u00f3 al paso de las declaraciones de Desbordes con una afirmaci\u00f3n y una amenaza de prueba gr\u00e1fica.<\/p>\n<p>\u201cMario, yo era Ministro Segpres (nada que ver administrativamente), pero tengo el registro de tu WhatsApp el 18 de Marzo del 2022, sin contarme que en febrero, SU GOBIERNO, le hab\u00eda aceptado su renuncia\u201d, escribi\u00f3 Jackson. Y sentenci\u00f3: \u201c\u00bfEs necesario que muestre el pantallazo para que dejes de mentir?\u201d.<\/p>\n<h2>Los dos nuevos posteos que reavivaron el round<\/h2>\n<p>Ya entrada la tarde de este viernes, dos nuevas publicaciones volvieron a encender la discusi\u00f3n en X. Mario Desbordes respondi\u00f3 directamente a Giorgio Jackson con un mensaje que profundizaba el tono de sus cr\u00edticas.<\/p>\n<p>Desbordes expuso en la red social: \u201c<strong>no me cabe duda de que recuerdas las conversaciones previas a ese WhatsApp<\/strong>. Por eso,<strong>\u00a0que mientas, en tu caso por verg\u00fcenza, es sin duda un avance<\/strong>\u00a0\u00a1Bien!\u201d. Con esta frase, el alcalde insisti\u00f3 en que Jackson conoc\u00eda los antecedentes antes del mensaje del 18 de marzo.<\/p>\n<p>La respuesta de Giorgio Jackson no demor\u00f3 en llegar. El exministro replic\u00f3 con un texto y una imagen que buscaba respaldar su versi\u00f3n de los hechos. \u201cMario,\u00a0<strong>tus mentiras y operaciones medi\u00e1ticas \u2014que no logro entender\u2014 no me dejan otra<\/strong>\u201d, comenz\u00f3 diciendo.<\/p>\n<p>\u201cPD: por lo que veo en los comentarios, los vecinos de Santiago preferir\u00edan que su alcalde dedique el tiempo en otras cosas, en vez de estar en Twitter inventando pol\u00e9micas oportunistas\u201d, agreg\u00f3 Jackson. Junto a este mensaje,\u00a0<span class=\"destacador destacado\">public\u00f3 una captura de pantalla de una conversaci\u00f3n de WhatsApp de Mario Desbordes fechada el 18 de marzo de 2022<\/span>.<\/p>\n<p>En la captura difundida por Jackson, se lee un mensaje enviado por Desbordes donde detalla su pedido por cuatro personas, con especial \u00e9nfasis en el\u00a0caso de Eleonora Espinoza. \u201cEn ese contexto ped\u00ed ayuda para 4 personas nada m\u00e1s. Hay dos que me preocupan m\u00e1s. Uno un caso humano en Subdere, Eleonora Espinoza que es un caso humanitario, pues est\u00e1 en pleno tratamiento por una reca\u00edda de un cancer\u201d, aparece en la imagen.<\/p>\n<p>El fragmento de la conversaci\u00f3n contin\u00faa: \u201cElla es jefa de divisi\u00f3n, y es evidente que no puede seguir en ese cargo, y lo que le ped\u00ed a Miguel Crispi era que estuviera en alg\u00fan cargo profesional solo mientras dure el tratamiento que son 6 meses. Est\u00e1 a full y no he tenido respuesta\u201d. Con esta publicaci\u00f3n, Jackson busc\u00f3 demostrar que el contacto con Desbordes ocurri\u00f3 despu\u00e9s del 11 de marzo y no antes del cambio de mando.<\/p>\n","protected":false},"excerpt":{"rendered":"<p>El\u00a0cruce en la red social X entre Mario Desbordes, Giorgio Jackson y Miguel Crispi sum\u00f3 dos nuevos episodios la tarde de ayer viernes. La controversia&hellip; <\/p>\n","protected":false},"author":7,"featured_media":101719,"comment_status":"closed","ping_status":"closed","sticky":false,"template":"","format":"standard","meta":{"footnotes":""},"categories":[37],"tags":[],"class_list":["post-101718","post","type-post","status-publish","format-standard","has-post-thumbnail","hentry","category-nacional"],"_links":{"self":[{"href":"https:\/\/www.radioamigavallenar.cl\/index.php?rest_route=\/wp\/v2\/posts\/101718","targetHints":{"allow":["GET"]}}],"collection":[{"href":"https:\/\/www.radioamigavallenar.cl\/index.php?rest_route=\/wp\/v2\/posts"}],"about":[{"href":"https:\/\/www.radioamigavallenar.cl\/index.php?rest_route=\/wp\/v2\/types\/post"}],"author":[{"embeddable":true,"href":"https:\/\/www.radioamigavallenar.cl\/index.php?rest_route=\/wp\/v2\/users\/7"}],"replies":[{"embeddable":true,"href":"https:\/\/www.radioamigavallenar.cl\/index.php?rest_route=%2Fwp%2Fv2%2Fcomments&post=101718"}],"version-history":[{"count":1,"href":"https:\/\/www.radioamigavallenar.cl\/index.php?rest_route=\/wp\/v2\/posts\/101718\/revisions"}],"predecessor-version":[{"id":101720,"href":"https:\/\/www.radioamigavallenar.cl\/index.php?rest_route=\/wp\/v2\/posts\/101718\/revisions\/101720"}],"wp:featuredmedia":[{"embeddable":true,"href":"https:\/\/www.radioamigavallenar.cl\/index.php?rest_route=\/wp\/v2\/media\/101719"}],"wp:attachment":[{"href":"https:\/\/www.radioamigavallenar.cl\/index.php?rest_route=%2Fwp%2Fv2%2Fmedia&parent=101718"}],"wp:term":[{"taxonomy":"category","embeddable":true,"href":"https:\/\/www.radioamigavallenar.cl\/index.php?rest_route=%2Fwp%2Fv2%2Fcategories&post=101718"},{"taxonomy":"post_tag","embeddable":true,"href":"https:\/\/www.radioamigavallenar.cl\/index.php?rest_route=%2Fwp%2Fv2%2Ftags&post=101718"}],"curies":[{"name":"wp","href":"https:\/\/api.w.org\/{rel}","templated":true}]}}