{"id":101712,"date":"2026-04-25T00:08:07","date_gmt":"2026-04-25T04:08:07","guid":{"rendered":"https:\/\/www.radioamigavallenar.cl\/?p=101712"},"modified":"2026-04-25T00:08:07","modified_gmt":"2026-04-25T04:08:07","slug":"estadio-techado-municipal-de-huasco-implementa-sistema-de-ventilacion-industrial","status":"publish","type":"post","link":"https:\/\/www.radioamigavallenar.cl\/?p=101712","title":{"rendered":"Estadio Techado Municipal de Huasco implementa sistema de ventilaci\u00f3n industrial"},"content":{"rendered":"<p>En una ceremonia encabezada por autoridades nacionales, regionales y comunales, Guacolda Energ\u00eda, en conjunto con la Ilustre Municipalidad de Huasco, presentaron el mejoramiento de las condiciones de habitabilidad del Estadio Techado Municipal \u201cLuis Rojas Araya\u201d, iniciativa orientada a fortalecer el uso de este importante espacio comunitario.<\/p>\n<p>El proyecto contempl\u00f3 la implementaci\u00f3n de un sistema de ventilaci\u00f3n industrial, que permite una adecuada circulaci\u00f3n de aire al interior del recinto, mejorando significativamente las condiciones para el desarrollo de actividades deportivas, recreativas y comunitarias, especialmente durante periodos de altas temperaturas o jornadas de alta convocatoria.<\/p>\n<p>El Estadio Techado Municipal cumple un rol fundamental en la comuna, siendo utilizado por clubes deportivos, organizaciones sociales y, de manera especialmente relevante, por establecimientos educacionales que no cuentan con infraestructura deportiva propia. Gracias a este espacio, ni\u00f1os, ni\u00f1as y j\u00f3venes pueden desarrollar clases de educaci\u00f3n f\u00edsica, entrenamientos y encuentros deportivos en condiciones m\u00e1s seguras y confortables.<\/p>\n<p>La actividad cont\u00f3 con la participaci\u00f3n del alcalde de Huasco, Genaro Brice\u00f1o Tapia; el diputado Cristian Tapia Ramos; la seremi del Deporte, Isis Mart\u00ednez Mondaca; el gerente de Operaciones de Guacolda Energ\u00eda, Ren\u00e9 Opazo Rojo; concejalas y concejales de la comuna; representantes del Gobierno Regional, del Congreso Nacional y de la Delegaci\u00f3n Presidencial Provincial; adem\u00e1s de autoridades de los sectores de salud, seguridad y educaci\u00f3n, dirigentes sociales, trabajadores de Guacolda Energ\u00eda y sus empresas colaboradoras, adem\u00e1s de vecinos de la comuna.<\/p>\n<p>Durante la ceremonia, el alcalde de Huasco, Genaro Brice\u00f1o Tapia, destac\u00f3 la importancia de este tipo de iniciativas para el desarrollo local, se\u00f1alando que \u201ceste proyecto refleja lo que se puede lograr cuando el mundo p\u00fablico y privado trabajan de manera coordinada, poniendo en el centro las necesidades de la comunidad. Para nosotros es muy valioso avanzar en mejorar un espacio tan importante como el Estadio Techado, que cumple un rol clave en el deporte, la educaci\u00f3n y la vida comunitaria de Huasco\u201d.<\/p>\n<p>En tanto, el diputado Cristian Tapia Ramos se\u00f1al\u00f3 que \u201cen regiones estamos constantemente gestionando recursos, por lo que el apoyo de la empresa privada es fundamental. Este tipo de iniciativas no solo fortalecen el deporte, sino que tambi\u00e9n aportan directamente a mejorar la calidad de vida de las comunidades. Es importante destacar este trabajo conjunto con el municipio, que permite avanzar en proyectos concretos para Huasco y la regi\u00f3n de Atacama\u201d.<\/p>\n<p>Por su parte, la seremi del Deporte, Isis Mart\u00ednez Mondaca, indic\u00f3 que \u201cvaloramos profundamente este proyecto, que permite mejorar las condiciones de un espacio clave para la actividad f\u00edsica en la comuna. Este tipo de iniciativas contribuye directamente a promover el deporte y la vida saludable, especialmente en ni\u00f1os, ni\u00f1as y j\u00f3venes\u201d.<\/p>\n<p>Finalmente, el gerente de Operaciones de Guacolda Energ\u00eda, Ren\u00e9 Opazo Rojo, se\u00f1al\u00f3 que \u201cpara nosotros, este proyecto es una forma concreta de aportar a la comunidad de Huasco. M\u00e1s all\u00e1 de la infraestructura, buscamos mejorar espacios que son parte de la vida cotidiana de las personas, para que puedan desarrollarse en mejores condiciones y con mayor bienestar\u201d.<\/p>\n<p>La jornada finaliz\u00f3 con la participaci\u00f3n de la Banda Instrumental Municipal de Huasco y con un encuentro deportivo del Club Deportivo y Cultural Puerto Victoria, destacando el talento y compromiso de ni\u00f1os, ni\u00f1as y j\u00f3venes de la comuna.<\/p>\n","protected":false},"excerpt":{"rendered":"<p>En una ceremonia encabezada por autoridades nacionales, regionales y comunales, Guacolda Energ\u00eda, en conjunto con la Ilustre Municipalidad de Huasco, presentaron el mejoramiento de las&hellip; <\/p>\n","protected":false},"author":7,"featured_media":101713,"comment_status":"closed","ping_status":"closed","sticky":false,"template":"","format":"standard","meta":{"footnotes":""},"categories":[7],"tags":[],"class_list":["post-101712","post","type-post","status-publish","format-standard","has-post-thumbnail","hentry","category-atacama"],"_links":{"self":[{"href":"https:\/\/www.radioamigavallenar.cl\/index.php?rest_route=\/wp\/v2\/posts\/101712","targetHints":{"allow":["GET"]}}],"collection":[{"href":"https:\/\/www.radioamigavallenar.cl\/index.php?rest_route=\/wp\/v2\/posts"}],"about":[{"href":"https:\/\/www.radioamigavallenar.cl\/index.php?rest_route=\/wp\/v2\/types\/post"}],"author":[{"embeddable":true,"href":"https:\/\/www.radioamigavallenar.cl\/index.php?rest_route=\/wp\/v2\/users\/7"}],"replies":[{"embeddable":true,"href":"https:\/\/www.radioamigavallenar.cl\/index.php?rest_route=%2Fwp%2Fv2%2Fcomments&post=101712"}],"version-history":[{"count":1,"href":"https:\/\/www.radioamigavallenar.cl\/index.php?rest_route=\/wp\/v2\/posts\/101712\/revisions"}],"predecessor-version":[{"id":101714,"href":"https:\/\/www.radioamigavallenar.cl\/index.php?rest_route=\/wp\/v2\/posts\/101712\/revisions\/101714"}],"wp:featuredmedia":[{"embeddable":true,"href":"https:\/\/www.radioamigavallenar.cl\/index.php?rest_route=\/wp\/v2\/media\/101713"}],"wp:attachment":[{"href":"https:\/\/www.radioamigavallenar.cl\/index.php?rest_route=%2Fwp%2Fv2%2Fmedia&parent=101712"}],"wp:term":[{"taxonomy":"category","embeddable":true,"href":"https:\/\/www.radioamigavallenar.cl\/index.php?rest_route=%2Fwp%2Fv2%2Fcategories&post=101712"},{"taxonomy":"post_tag","embeddable":true,"href":"https:\/\/www.radioamigavallenar.cl\/index.php?rest_route=%2Fwp%2Fv2%2Ftags&post=101712"}],"curies":[{"name":"wp","href":"https:\/\/api.w.org\/{rel}","templated":true}]}}