{"id":101709,"date":"2026-04-25T00:06:55","date_gmt":"2026-04-25T04:06:55","guid":{"rendered":"https:\/\/www.radioamigavallenar.cl\/?p=101709"},"modified":"2026-04-25T00:06:55","modified_gmt":"2026-04-25T04:06:55","slug":"agricultores-del-huasco-fortalecen-manejo-de-huertos-de-cara-al-invierno","status":"publish","type":"post","link":"https:\/\/www.radioamigavallenar.cl\/?p=101709","title":{"rendered":"Agricultores del Huasco fortalecen manejo de huertos de cara al invierno"},"content":{"rendered":"<p data-pm-slice=\"1 1 []\">En el marco del Proyecto \u00abTransferencia Tecnol\u00f3gica para Mejorar la Rentabilidad de la Agricultura Familiar Campesina\u201d, el Instituto de Investigaciones Agropecuarias, INIA Intihuasi, desarroll\u00f3 una serie de jornadas de capacitaci\u00f3n dirigidas a agricultores de las comunas de Alto del Carmen y Vallenar, con el objetivo de fortalecer el diagn\u00f3stico nutricional y la preparaci\u00f3n de huertos para la temporada invernal.<\/p>\n<p>La actividad, impartida por el investigador de INIA, Giovanni Lobos, est\u00e1 orientada a mejorar la rentabilidad agr\u00edcola mediante la transferencia de conocimientos t\u00e9cnicos aplicables directamente en terreno.<\/p>\n<p>Durante las jornadas, los productores adquirieron herramientas pr\u00e1cticas para evaluar el estado nutricional de sus cultivos a trav\u00e9s del an\u00e1lisis foliar, t\u00e9cnica que consiste en examinar las hojas de los \u00e1rboles para determinar su contenido de nutrientes y detectar posibles deficiencias. En este proceso se analizan elementos como nitr\u00f3geno, f\u00f3sforo y potasio, adem\u00e1s de otros nutrientes como calcio, magnesio y micronutrientes, cuyos niveles se comparan con rangos \u00f3ptimos definidos para cada especie.<\/p>\n<p>A partir de estos an\u00e1lisis, es posible detectar brechas nutricionales concretas. Resultados del an\u00e1lisis foliar 2026 evidenciaron d\u00e9ficits de hasta un 67% en nutrientes como nitr\u00f3geno y f\u00f3sforo en cultivos como el palto, adem\u00e1s de desbalances nutricionales en especies como el lim\u00f3n, donde incluso se registraron excesos de potasio.<\/p>\n<p>Esta tendencia se repite en otros frutales de la zona, como la vid, con d\u00e9ficits de hasta un 58% en potasio, y el mango, donde tambi\u00e9n se observaron brechas relevantes en nitr\u00f3geno y potasio, lo que refuerza la necesidad de un manejo basado en diagn\u00f3stico t\u00e9cnico y no solo en pr\u00e1cticas tradicionales.<\/p>\n<p>En esa l\u00ednea, Lobos explic\u00f3 que \u201cel an\u00e1lisis foliar permite corregir nutrientes deficientes durante la pre o postcosecha y generar el programa de fertilizaci\u00f3n de la siguiente temporada, optimizando la aplicaci\u00f3n de nutrientes seg\u00fan los requerimientos del huerto\u201d, destacando que este proceso permite preparar adecuadamente el receso invernal.<\/p>\n<p>Adem\u00e1s, el investigador advirti\u00f3 sobre errores frecuentes en la zona, como fertilizar sin una base t\u00e9cnica o aplicar nutrientes de forma concentrada, lo que puede generar p\u00e9rdidas, especialmente en elementos como el nitr\u00f3geno. Esto ocurre porque, sin un diagn\u00f3stico previo, los fertilizantes pueden aplicarse en cantidades inadecuadas o en momentos poco oportunos, y al concentrarse en una sola aplicaci\u00f3n, parte de los nutrientes no es absorbida por las plantas y se pierde.<\/p>\n<p>Otras recomendaciones entregadas por el profesional son la disminuci\u00f3n progresiva del riego tras la cosecha, la suspensi\u00f3n de fertilizaci\u00f3n nitrogenada en oto\u00f1o para evitar da\u00f1os por heladas y la necesidad de monitorear plagas durante el invierno mediante observaci\u00f3n directa en ramas y yemas (estructuras donde nacen nuevos brotes, hojas o flores).<\/p>\n<p>Las jornadas tuvieron una alta convocatoria y participaci\u00f3n de agricultores de Alto del Carmen, reflejando su inter\u00e9s por incorporar herramientas t\u00e9cnicas. En Vallenar, en tanto, destac\u00f3 un d\u00eda de campo que permiti\u00f3 el trabajo directo en terreno.<\/p>\n<p>La iniciativa fue valorada positivamente por los asistentes. Cristi\u00e1n M\u00e9ndez, jefe t\u00e9cnico de PRODESAL en la Municipalidad de Alto del Carmen, destac\u00f3 que \u201cestas instancias son muy importantes porque permiten mejorar la productividad de los agricultores y, en consecuencia, sus ingresos. Nuestra prioridad es apoyar a los peque\u00f1os productores, por lo que esperamos que este tipo de capacitaciones se sigan replicando\u201d, se\u00f1al\u00f3.<\/p>\n<p>Por su parte, el agricultor Ismael Hurtado relev\u00f3 la calidad de la instancia formativa. \u201cEs valioso que se presenten distintas formas de hacer agricultura, ya que as\u00ed uno puede elegir qu\u00e9 camino tomar en su propio predio\u201d, valor\u00f3.<\/p>\n<p>En tanto, la productora Lucy Macaya valor\u00f3 la utilidad pr\u00e1ctica de los contenidos, destacando que le permitir\u00e1n aplicar mejoras en el cuidado de sus \u00e1rboles durante el invierno.<\/p>\n<p>Esta iniciativa forma parte del programa de transferencia tecnol\u00f3gica impulsado por INIA Intihuasi y es posible gracias al financiamiento del Gobierno Regional de Atacama, cuyo prop\u00f3sito es acercar el conocimiento cient\u00edfico a los territorios y contribuir al desarrollo de la Agricultura Familiar Campesina en la regi\u00f3n.<\/p>\n","protected":false},"excerpt":{"rendered":"<p>En el marco del Proyecto \u00abTransferencia Tecnol\u00f3gica para Mejorar la Rentabilidad de la Agricultura Familiar Campesina\u201d, el Instituto de Investigaciones Agropecuarias, INIA Intihuasi, desarroll\u00f3 una&hellip; <\/p>\n","protected":false},"author":7,"featured_media":101710,"comment_status":"closed","ping_status":"closed","sticky":false,"template":"","format":"standard","meta":{"footnotes":""},"categories":[7],"tags":[],"class_list":["post-101709","post","type-post","status-publish","format-standard","has-post-thumbnail","hentry","category-atacama"],"_links":{"self":[{"href":"https:\/\/www.radioamigavallenar.cl\/index.php?rest_route=\/wp\/v2\/posts\/101709","targetHints":{"allow":["GET"]}}],"collection":[{"href":"https:\/\/www.radioamigavallenar.cl\/index.php?rest_route=\/wp\/v2\/posts"}],"about":[{"href":"https:\/\/www.radioamigavallenar.cl\/index.php?rest_route=\/wp\/v2\/types\/post"}],"author":[{"embeddable":true,"href":"https:\/\/www.radioamigavallenar.cl\/index.php?rest_route=\/wp\/v2\/users\/7"}],"replies":[{"embeddable":true,"href":"https:\/\/www.radioamigavallenar.cl\/index.php?rest_route=%2Fwp%2Fv2%2Fcomments&post=101709"}],"version-history":[{"count":1,"href":"https:\/\/www.radioamigavallenar.cl\/index.php?rest_route=\/wp\/v2\/posts\/101709\/revisions"}],"predecessor-version":[{"id":101711,"href":"https:\/\/www.radioamigavallenar.cl\/index.php?rest_route=\/wp\/v2\/posts\/101709\/revisions\/101711"}],"wp:featuredmedia":[{"embeddable":true,"href":"https:\/\/www.radioamigavallenar.cl\/index.php?rest_route=\/wp\/v2\/media\/101710"}],"wp:attachment":[{"href":"https:\/\/www.radioamigavallenar.cl\/index.php?rest_route=%2Fwp%2Fv2%2Fmedia&parent=101709"}],"wp:term":[{"taxonomy":"category","embeddable":true,"href":"https:\/\/www.radioamigavallenar.cl\/index.php?rest_route=%2Fwp%2Fv2%2Fcategories&post=101709"},{"taxonomy":"post_tag","embeddable":true,"href":"https:\/\/www.radioamigavallenar.cl\/index.php?rest_route=%2Fwp%2Fv2%2Ftags&post=101709"}],"curies":[{"name":"wp","href":"https:\/\/api.w.org\/{rel}","templated":true}]}}