{"id":101706,"date":"2026-04-25T00:05:58","date_gmt":"2026-04-25T04:05:58","guid":{"rendered":"https:\/\/www.radioamigavallenar.cl\/?p=101706"},"modified":"2026-04-25T00:05:58","modified_gmt":"2026-04-25T04:05:58","slug":"gobierno-regional-de-atacama-y-gendarmeria-firman-convenios-para-fortalecer-infraestructura-penitenciaria-en-copiapo-y-vallenar","status":"publish","type":"post","link":"https:\/\/www.radioamigavallenar.cl\/?p=101706","title":{"rendered":"Gobierno Regional de Atacama y Gendarmer\u00eda firman convenios para fortalecer infraestructura penitenciaria en Copiap\u00f3 y Vallenar"},"content":{"rendered":"<p data-pm-slice=\"1 1 []\">Con el objetivo de mejorar las condiciones de seguridad y habitabilidad en recintos penitenciarios de la regi\u00f3n, el Gobierno Regional de Atacama y Gendarmer\u00eda de Chile concretaron la firma de dos convenios mandato que permitir\u00e1n ejecutar importantes proyectos de infraestructura en las comunas de Copiap\u00f3 y Vallenar, con una inversi\u00f3n cercana a los 470 millones de pesos.<\/p>\n<p>Las iniciativas contemplan, por una parte, el proyecto de Mejoramiento de Guardia de Patios del Centro de Cumplimiento Penitenciario (CCP) de Copiap\u00f3, y por otra, el Mejoramiento de las Condiciones de Habitabilidad de la Secci\u00f3n Femenina del Centro de Detenci\u00f3n Preventiva (CDP) de Vallenar.<\/p>\n<p>El gobernador regional, Miguel Vargas, destac\u00f3 la relevancia de esta firma, subrayando el compromiso del Gobierno Regional con el fortalecimiento del sistema penitenciario en Atacama. Lo primero que quiero manifestar es nuestro reconocimiento al trabajo que realiza Gendarmer\u00eda de Chile, muchas veces en condiciones adversas, administrando los recintos penales en todo el pa\u00eds. En Atacama sabemos que existen dificultades importantes, como el hacinamiento en la c\u00e1rcel de Copiap\u00f3, por lo que hemos decidido colaborar para mejorar su infraestructura, a la espera de la futura puesta en marcha de un nuevo recinto penitenciario\u201d, se\u00f1al\u00f3.<\/p>\n<p>La m\u00e1xima autoridad regional agreg\u00f3 que estos proyectos apuntan directamente a fortalecer la seguridad y las condiciones laborales del personal. Estamos hablando de la construcci\u00f3n de garitas de vigilancia, fundamentales para el control de la poblaci\u00f3n penal, y de intervenciones en la secci\u00f3n femenina de Vallenar. Con la firma de este convenio estamos autorizando a Gendarmer\u00eda a iniciar los procesos administrativos para que los recursos lleguen prontamente y las obras se ejecuten a la brevedad\u201d, indic\u00f3.<\/p>\n<h2 style=\"text-align: center;\"><strong>Mejoras en el CCP de Copiap\u00f3<\/strong><\/h2>\n<p>El proyecto en Copiap\u00f3 considera la intervenci\u00f3n de los patios 1 y 2 (condenados), 3 (A y B de imputados), y 4 y 5 (imputados), que albergan a cerca de 400 internos de alto compromiso delictual y reincidentes.<\/p>\n<p>Las obras incluyen la construcci\u00f3n de tres nuevas guardias internas, la instalaci\u00f3n de nuevas rejas de acceso para reforzar la seguridad de los m\u00f3dulos y la reducci\u00f3n de espacios destinados a talleres. Adem\u00e1s, se contempla el cambio de materialidad de la malla en la fachada sur del m\u00f3dulo 5, con el fin de evitar el lanzamiento de objetos hacia las nuevas estructuras de vigilancia.<\/p>\n<p>El proyecto tambi\u00e9n incorpora mejoras en los servicios higi\u00e9nicos para funcionarios, incluyendo la ampliaci\u00f3n de ba\u00f1os y la habilitaci\u00f3n de uno adicional en la guardia interna N.\u00ba Esta iniciativa beneficiar\u00e1 directamente a todo el personal de trato directo del recinto y considera una inversi\u00f3n de m\u00e1s de $305 millones.<\/p>\n<h2 style=\"text-align: center;\"><strong>Mejoras en la secci\u00f3n femenina de Vallenar<\/strong><\/h2>\n<p>En tanto, el proyecto del CDP de Vallenar est\u00e1 enfocado en la poblaci\u00f3n penal femenina, incluyendo imputadas y la secci\u00f3n materno-infantil. Las obras consideran el mejoramiento y habilitaci\u00f3n de dormitorios, ba\u00f1os y patios, con el objetivo de dignificar las condiciones de habitabilidad y generar espacios adecuados, especialmente para mujeres gestantes o con hijos lactantes.<\/p>\n<p>Esta iniciativa cuenta con una inversi\u00f3n de m\u00e1s de $166 millones y busca avanzar en est\u00e1ndares que resguarden la dignidad y los derechos de las internas.<\/p>\n<h2 style=\"text-align: center;\"><strong>Valoraci\u00f3n de autoridades<\/strong><\/h2>\n<p>El Director Regional de Gendarmer\u00eda, Coronel \u00c1lvaro L\u00f3pez, valor\u00f3 el respaldo del Gobierno Regional, se\u00f1alando que \u201ceste convenio nos permite mejorar y dignificar la labor de nuestros funcionarios\u201d Se van a construir garitas de vigilancia al interior del penal y tambi\u00e9n se mejorar\u00e1n las condiciones de habitabilidad en la secci\u00f3n femenina de Vallenar. Esperamos ejecutar estas iniciativas en el menor tiempo posible una vez que contemos con los recursos\u201d.<\/p>\n<p>Por su parte, la seremi de Justicia de Atacama, Carolina Gangas, destac\u00f3 el impacto social de estas inversiones. \u201cEstamos muy contentos por este convenio que permite dignificar la labor de Gendarmer\u00eda y mejorar las condiciones de las mujeres privadas de libertad, especialmente aquellas gestantes o con hijos lactantes. Como Gobierno, tenemos el mandato de avanzar en dignidad y respeto a los derechos humanos en todos los recintos\u201d, afirm\u00f3.<\/p>\n<p>Ambos proyectos fueron aprobados por el Consejo Regional de Atacama y ser\u00e1n ejecutados durante el presente a\u00f1o presupuestario, una vez que la Contralor\u00eda tome raz\u00f3n de los convenios, marcando un nuevo paso en el fortalecimiento de la infraestructura penitenciaria y la seguridad regional.<\/p>\n","protected":false},"excerpt":{"rendered":"<p>Con el objetivo de mejorar las condiciones de seguridad y habitabilidad en recintos penitenciarios de la regi\u00f3n, el Gobierno Regional de Atacama y Gendarmer\u00eda de&hellip; <\/p>\n","protected":false},"author":7,"featured_media":101707,"comment_status":"closed","ping_status":"closed","sticky":false,"template":"","format":"standard","meta":{"footnotes":""},"categories":[7],"tags":[],"class_list":["post-101706","post","type-post","status-publish","format-standard","has-post-thumbnail","hentry","category-atacama"],"_links":{"self":[{"href":"https:\/\/www.radioamigavallenar.cl\/index.php?rest_route=\/wp\/v2\/posts\/101706","targetHints":{"allow":["GET"]}}],"collection":[{"href":"https:\/\/www.radioamigavallenar.cl\/index.php?rest_route=\/wp\/v2\/posts"}],"about":[{"href":"https:\/\/www.radioamigavallenar.cl\/index.php?rest_route=\/wp\/v2\/types\/post"}],"author":[{"embeddable":true,"href":"https:\/\/www.radioamigavallenar.cl\/index.php?rest_route=\/wp\/v2\/users\/7"}],"replies":[{"embeddable":true,"href":"https:\/\/www.radioamigavallenar.cl\/index.php?rest_route=%2Fwp%2Fv2%2Fcomments&post=101706"}],"version-history":[{"count":1,"href":"https:\/\/www.radioamigavallenar.cl\/index.php?rest_route=\/wp\/v2\/posts\/101706\/revisions"}],"predecessor-version":[{"id":101708,"href":"https:\/\/www.radioamigavallenar.cl\/index.php?rest_route=\/wp\/v2\/posts\/101706\/revisions\/101708"}],"wp:featuredmedia":[{"embeddable":true,"href":"https:\/\/www.radioamigavallenar.cl\/index.php?rest_route=\/wp\/v2\/media\/101707"}],"wp:attachment":[{"href":"https:\/\/www.radioamigavallenar.cl\/index.php?rest_route=%2Fwp%2Fv2%2Fmedia&parent=101706"}],"wp:term":[{"taxonomy":"category","embeddable":true,"href":"https:\/\/www.radioamigavallenar.cl\/index.php?rest_route=%2Fwp%2Fv2%2Fcategories&post=101706"},{"taxonomy":"post_tag","embeddable":true,"href":"https:\/\/www.radioamigavallenar.cl\/index.php?rest_route=%2Fwp%2Fv2%2Ftags&post=101706"}],"curies":[{"name":"wp","href":"https:\/\/api.w.org\/{rel}","templated":true}]}}