{"id":101704,"date":"2026-04-25T00:04:34","date_gmt":"2026-04-25T04:04:34","guid":{"rendered":"https:\/\/www.radioamigavallenar.cl\/?p=101704"},"modified":"2026-04-25T00:04:34","modified_gmt":"2026-04-25T04:04:34","slug":"senadora-provoste-por-candidatura-de-expresidenta-michelle-bachelet-en-la-onu-la-actitud-del-gobierno-del-presidente-kast-ha-sido-pequena-y-mezquina","status":"publish","type":"post","link":"https:\/\/www.radioamigavallenar.cl\/?p=101704","title":{"rendered":"Senadora Provoste por candidatura de expresidenta Michelle Bachelet en la ONU: \u00abLa actitud del Gobierno del presidente Kast ha sido peque\u00f1a y mezquina\u00bb"},"content":{"rendered":"<p data-pm-slice=\"1 1 []\">La actitud del Gobierno ha sido peque\u00f1a y mezquina. Y no lo digo solamente por el retiro de la candidatura, sino tambi\u00e9n por la persecuci\u00f3n que se ha conocido en estos \u00faltimos d\u00edas respecto de los funcionarios de la embajada en Estados Unidos, que en el marco del cumplimiento de su deber estuvieron all\u00ed presentes cuando Michelle Bachelet tuvo su entrevista en el Consejo de Seguridad\u201d.<\/p>\n<p>En el marco de la candidatura de Michelle Bachelet para ser la futura Secretaria General de la ONU, la senadora Yasna Provoste lament\u00f3 la persecuci\u00f3n pol\u00edtica contra funcionarios de la Canciller\u00eda y valor\u00f3 el respaldo transversal de chilenos y chilenas a su postulaci\u00f3n a la Organizaci\u00f3n de Naciones Unidas, a pesar del gobierno del presidente Kast.<\/p>\n<p>En esa l\u00ednea, la senadora Provoste indic\u00f3 que Michelle Bachelet \u201cno deja de ser expresidenta de nuestro pa\u00eds y eso es, creo yo, no solo una mezquindad, sino tambi\u00e9n una falta de conocimiento. Y, en definitiva, lo que revela es una persecuci\u00f3n pol\u00edtica, que no es solo a alto nivel, como lo que hemos visto respecto de funcionarios de la Canciller\u00eda en Naciones Unidas, sino tambi\u00e9n lo que se ha sabido hace pocos d\u00edas sobre estas listas en la regi\u00f3n de Coquimbo\u201d.<\/p>\n<p>Asimismo, la representante de Atacama precis\u00f3 que en estos procesos uno puede ganar o perder, pero siempre le gustar\u00eda contar con el apoyo de su pa\u00eds.<\/p>\n<p>Adem\u00e1s, la parlamentaria valor\u00f3 los respaldos que han realizado las exministras Karla Rubilar y Cecilia P\u00e9rez sobre Michelle Bachelet, situaci\u00f3n que demuestra que el apoyo de los chilenos y chilenas es generalizado y no solo es de mujeres de la centroizquierda.<\/p>\n<p>\u201cCreemos que la posici\u00f3n de la expresidenta no solo nos enorgullece como pa\u00eds, sino que tambi\u00e9n es muy importante para la regi\u00f3n\u201d, a\u00f1adi\u00f3 la legisladora nortina.<\/p>\n<p>Finalmente, Yasna Provoste, respecto de la persecuci\u00f3n pol\u00edtica que viven algunos representantes de la Canciller\u00eda, aclar\u00f3 que es un acto de ignorancia, porque el Ministerio de Relaciones Exteriores, entre sus protocolos, considera el acompa\u00f1amiento a exjefes de Estado que concurren a estas actividades internacionales, al igual como ocurre con los parlamentarios cuando asisten a eventos de Naciones Unidas.<\/p>\n","protected":false},"excerpt":{"rendered":"<p>La actitud del Gobierno ha sido peque\u00f1a y mezquina. Y no lo digo solamente por el retiro de la candidatura, sino tambi\u00e9n por la persecuci\u00f3n&hellip; <\/p>\n","protected":false},"author":7,"featured_media":86292,"comment_status":"closed","ping_status":"closed","sticky":false,"template":"","format":"standard","meta":{"footnotes":""},"categories":[7],"tags":[],"class_list":["post-101704","post","type-post","status-publish","format-standard","has-post-thumbnail","hentry","category-atacama"],"_links":{"self":[{"href":"https:\/\/www.radioamigavallenar.cl\/index.php?rest_route=\/wp\/v2\/posts\/101704","targetHints":{"allow":["GET"]}}],"collection":[{"href":"https:\/\/www.radioamigavallenar.cl\/index.php?rest_route=\/wp\/v2\/posts"}],"about":[{"href":"https:\/\/www.radioamigavallenar.cl\/index.php?rest_route=\/wp\/v2\/types\/post"}],"author":[{"embeddable":true,"href":"https:\/\/www.radioamigavallenar.cl\/index.php?rest_route=\/wp\/v2\/users\/7"}],"replies":[{"embeddable":true,"href":"https:\/\/www.radioamigavallenar.cl\/index.php?rest_route=%2Fwp%2Fv2%2Fcomments&post=101704"}],"version-history":[{"count":1,"href":"https:\/\/www.radioamigavallenar.cl\/index.php?rest_route=\/wp\/v2\/posts\/101704\/revisions"}],"predecessor-version":[{"id":101705,"href":"https:\/\/www.radioamigavallenar.cl\/index.php?rest_route=\/wp\/v2\/posts\/101704\/revisions\/101705"}],"wp:featuredmedia":[{"embeddable":true,"href":"https:\/\/www.radioamigavallenar.cl\/index.php?rest_route=\/wp\/v2\/media\/86292"}],"wp:attachment":[{"href":"https:\/\/www.radioamigavallenar.cl\/index.php?rest_route=%2Fwp%2Fv2%2Fmedia&parent=101704"}],"wp:term":[{"taxonomy":"category","embeddable":true,"href":"https:\/\/www.radioamigavallenar.cl\/index.php?rest_route=%2Fwp%2Fv2%2Fcategories&post=101704"},{"taxonomy":"post_tag","embeddable":true,"href":"https:\/\/www.radioamigavallenar.cl\/index.php?rest_route=%2Fwp%2Fv2%2Ftags&post=101704"}],"curies":[{"name":"wp","href":"https:\/\/api.w.org\/{rel}","templated":true}]}}