{"id":101701,"date":"2026-04-25T00:02:49","date_gmt":"2026-04-25T04:02:49","guid":{"rendered":"https:\/\/www.radioamigavallenar.cl\/?p=101701"},"modified":"2026-04-25T00:03:13","modified_gmt":"2026-04-25T04:03:13","slug":"municipalidad-de-alto-del-carmen-informa-recuperacion-de-las-senales-de-radio-tras-problema-energetico","status":"publish","type":"post","link":"https:\/\/www.radioamigavallenar.cl\/?p=101701","title":{"rendered":"Municipalidad de Alto del Carmen informa recuperaci\u00f3n de las se\u00f1ales de radio tras problema energ\u00e9tico"},"content":{"rendered":"<p data-pm-slice=\"1 1 []\">Tras presentar problemas de energ\u00eda en un sector de Alto del Carmen, la municipalidad inform\u00f3 que, tras la subida realizada el d\u00eda de ayer al Cerro Bayo, se confirm\u00f3 suministro de energ\u00eda hasta la cumbre.<\/p>\n<p>Esto permiti\u00f3 restablecer la se\u00f1al de las radios que se sintonizan en la comuna.<\/p>\n<p>En cuanto a las empresas de telecomunicaciones, estas a\u00fan se encuentran sin suministro el\u00e9ctrico en sus respectivos recintos.<\/p>\n<p>Debido a lo anterior, la empresa contratada por la Municipalidad realizar\u00e1 ma\u00f1ana s\u00e1bado una nueva subida a la cumbre del Cerro Bayo, con el apoyo de arrieros, con el fin de verificar si la energ\u00eda est\u00e1 ingresando con normalidad a las instalaciones de las empresas de telecomunicaciones.<\/p>\n<p>En tanto, la 1.\u00aa autoridad comunal ha estado insistiendo con Seremia de Transportes y Telecomunicaciones para solicitar a trav\u00e9s de la Subtel el trabajo en terreno de las empresas de telecomunicaciones para restablecer el servicio a la brevedad.<\/p>\n","protected":false},"excerpt":{"rendered":"<p>Tras presentar problemas de energ\u00eda en un sector de Alto del Carmen, la municipalidad inform\u00f3 que, tras la subida realizada el d\u00eda de ayer al&hellip; <\/p>\n","protected":false},"author":7,"featured_media":101703,"comment_status":"closed","ping_status":"closed","sticky":false,"template":"","format":"standard","meta":{"footnotes":""},"categories":[7],"tags":[],"class_list":["post-101701","post","type-post","status-publish","format-standard","has-post-thumbnail","hentry","category-atacama"],"_links":{"self":[{"href":"https:\/\/www.radioamigavallenar.cl\/index.php?rest_route=\/wp\/v2\/posts\/101701","targetHints":{"allow":["GET"]}}],"collection":[{"href":"https:\/\/www.radioamigavallenar.cl\/index.php?rest_route=\/wp\/v2\/posts"}],"about":[{"href":"https:\/\/www.radioamigavallenar.cl\/index.php?rest_route=\/wp\/v2\/types\/post"}],"author":[{"embeddable":true,"href":"https:\/\/www.radioamigavallenar.cl\/index.php?rest_route=\/wp\/v2\/users\/7"}],"replies":[{"embeddable":true,"href":"https:\/\/www.radioamigavallenar.cl\/index.php?rest_route=%2Fwp%2Fv2%2Fcomments&post=101701"}],"version-history":[{"count":1,"href":"https:\/\/www.radioamigavallenar.cl\/index.php?rest_route=\/wp\/v2\/posts\/101701\/revisions"}],"predecessor-version":[{"id":101702,"href":"https:\/\/www.radioamigavallenar.cl\/index.php?rest_route=\/wp\/v2\/posts\/101701\/revisions\/101702"}],"wp:featuredmedia":[{"embeddable":true,"href":"https:\/\/www.radioamigavallenar.cl\/index.php?rest_route=\/wp\/v2\/media\/101703"}],"wp:attachment":[{"href":"https:\/\/www.radioamigavallenar.cl\/index.php?rest_route=%2Fwp%2Fv2%2Fmedia&parent=101701"}],"wp:term":[{"taxonomy":"category","embeddable":true,"href":"https:\/\/www.radioamigavallenar.cl\/index.php?rest_route=%2Fwp%2Fv2%2Fcategories&post=101701"},{"taxonomy":"post_tag","embeddable":true,"href":"https:\/\/www.radioamigavallenar.cl\/index.php?rest_route=%2Fwp%2Fv2%2Ftags&post=101701"}],"curies":[{"name":"wp","href":"https:\/\/api.w.org\/{rel}","templated":true}]}}